{"id":5067,"date":"2016-12-27T04:42:00","date_gmt":"2016-12-27T04:42:00","guid":{"rendered":"http:\/\/zamanturkmenistan.com\/?p=5067"},"modified":"2016-12-27T04:42:00","modified_gmt":"2016-12-27T04:42:00","slug":"yylyn-parlak-yyldyzy-2016","status":"publish","type":"post","link":"https:\/\/zamanturkmenistan.com.tm\/?p=5067","title":{"rendered":"\u201c\u00ddYLY\u0147 PARLAK \u00ddYLDYZY &#8211; 2016\u201d"},"content":{"rendered":"<p>24-nji dekabrda pa\u00fdtagtymyzy\u0148 Mas\u00ad\u00adlahat k\u00f6\u015fg\u00fcnde \u201c\u00ddy\u00adly\u0148 parlak \u00fdyldyzy -2016\u201d atly d\u00f6redijilik b\u00e4s\u00adle\u015figini\u0148 jemle\u00fdji tap\u00ad\u00adgyry ge\u00e7irildi, on\u00adda a\u00fddym\u00e7ylary\u0148 b\u00e4s\u00adle\u00ad\u015figini\u0148 jemleri jem\u00adle\u00adnil\u00ad\u00addi we \u00fde\u0148ijileri\u0148 atlary yglan edildi. Bu \u00fdere belli estrada a\u00fddym\u00e7ylary, saz ussatlary, medeni\u00fdet i\u015f\u00adg\u00e4r\u00ad\u00adleri, kompozitorlar we \u015fahyrlar, \u015fe\u00fdle hem \u00f6\u0148ki \u00fdyllarda ge\u00e7irilen b\u00e4sle\u015fikleri\u0148 \u00fde\u00ad\u0148i\u00ad\u00adjileri \u00fdygnandylar. B\u00e4sle\u015figi\u0148 \u015fertleri bo\u00fdun\u00e7a ola\u00adry\u0148 sesleri \u00f6\u0148ki toma\u015fa\u00e7ylary\u0148 seslerine go\u015ful\u00fdar we \u201c\u00ddy\u00adly\u0148 parlak \u00fdyldyzy\u201d di\u00fden ady\u0148 e\u00fdesini kes\u00adgit\u00adle\u00fd\u00e4r.<br \/>\nToma\u015fa\u00e7ylar \u00fd\u00fczleri belgili \u00fd\u00f6rite karto\u00e7kalar ar\u00adkaly ses berdiler, netijede alyp baryjylar b\u00e4sle\u015figi\u0148 jem\u00ad\u00adlerini yglan etdiler. \u015ee\u00fdlelikde, b\u00e4sle\u015figi\u0148 ba\u015f ba\u00fd\u00ad\u00adragyny\u0148 e\u00fdesi di\u00fdlip Z\u00fcle\u00fdha Kaka\u00fdewa yglan edil\u00addi. Ol jemle\u00fdji ga\u00adla-konsertinde \u201c\u00c7al, sazanda\u201d di\u00ad\u00ad\u00fden a\u00fddymy bilen to\u00adma\u015fa\u00e7ylary \u00f6z\u00fcne bendi etdi.  O\u0148a \u201c\u00ddyly\u0148 parlak \u00fdyl\u00addyzy\u201d g\u00f6\u00e7me Kubogy we h\u00f6\u00adwes\u00adlen\u00addi\u00adriji ba\u00fdrak gow\u00ad\u015fu\u00adryldy. Ikinji we \u00fc\u00e7\u00fcnji orunlary de\u00adgi\u015flilikde Le\u00fdli \u00d6k\u00addi\u00adro\u00adwa we Merdan Nurgylyjow e\u00fdelediler.<\/p>\n","protected":false},"excerpt":{"rendered":"<p>24-nji dekabrda pa\u00fdtagtymyzy\u0148 Mas\u00ad\u00adlahat k\u00f6\u015fg\u00fcnde \u201c\u00ddy\u00adly\u0148 parlak \u00fdyldyzy -2016\u201d atly d\u00f6redijilik b\u00e4s\u00adle\u015figini\u0148 jemle\u00fdji tap\u00ad\u00adgyry ge\u00e7irildi, on\u00adda a\u00fddym\u00e7ylary\u0148 b\u00e4s\u00adle\u00ad\u015figini\u0148 jemleri jem\u00adle\u00adnil\u00ad\u00addi we \u00fde\u0148ijileri\u0148 atlary yglan edildi. Bu \u00fdere belli estrada a\u00fddym\u00e7ylary, saz ussatlary, medeni\u00fdet i\u015f\u00adg\u00e4r\u00ad\u00adleri, kompozitorlar we \u015fahyrlar, \u015fe\u00fdle hem \u00f6\u0148ki \u00fdyllarda ge\u00e7irilen b\u00e4sle\u015fikleri\u0148 \u00fde\u00ad\u0148i\u00ad\u00adjileri \u00fdygnandylar. B\u00e4sle\u015figi\u0148 \u015fertleri bo\u00fdun\u00e7a ola\u00adry\u0148 sesleri \u00f6\u0148ki toma\u015fa\u00e7ylary\u0148 seslerine go\u015ful\u00fdar we [&hellip;]<\/p>\n","protected":false},"author":1,"featured_media":5068,"comment_status":"open","ping_status":"closed","sticky":false,"template":"","format":"standard","meta":{"footnotes":""},"categories":[3],"tags":[],"acf":[],"_links":{"self":[{"href":"https:\/\/zamanturkmenistan.com.tm\/index.php?rest_route=\/wp\/v2\/posts\/5067"}],"collection":[{"href":"https:\/\/zamanturkmenistan.com.tm\/index.php?rest_route=\/wp\/v2\/posts"}],"about":[{"href":"https:\/\/zamanturkmenistan.com.tm\/index.php?rest_route=\/wp\/v2\/types\/post"}],"author":[{"embeddable":true,"href":"https:\/\/zamanturkmenistan.com.tm\/index.php?rest_route=\/wp\/v2\/users\/1"}],"replies":[{"embeddable":true,"href":"https:\/\/zamanturkmenistan.com.tm\/index.php?rest_route=%2Fwp%2Fv2%2Fcomments&post=5067"}],"version-history":[{"count":0,"href":"https:\/\/zamanturkmenistan.com.tm\/index.php?rest_route=\/wp\/v2\/posts\/5067\/revisions"}],"wp:featuredmedia":[{"embeddable":true,"href":"https:\/\/zamanturkmenistan.com.tm\/index.php?rest_route=\/wp\/v2\/media\/5068"}],"wp:attachment":[{"href":"https:\/\/zamanturkmenistan.com.tm\/index.php?rest_route=%2Fwp%2Fv2%2Fmedia&parent=5067"}],"wp:term":[{"taxonomy":"category","embeddable":true,"href":"https:\/\/zamanturkmenistan.com.tm\/index.php?rest_route=%2Fwp%2Fv2%2Fcategories&post=5067"},{"taxonomy":"post_tag","embeddable":true,"href":"https:\/\/zamanturkmenistan.com.tm\/index.php?rest_route=%2Fwp%2Fv2%2Ftags&post=5067"}],"curies":[{"name":"wp","href":"https:\/\/api.w.org\/{rel}","templated":true}]}}