{"id":50722,"date":"2021-11-06T11:39:16","date_gmt":"2021-11-06T06:39:16","guid":{"rendered":"https:\/\/zamanturkmenistan.com.tm\/?p=50722"},"modified":"2021-11-06T11:39:16","modified_gmt":"2021-11-06T06:39:16","slug":"yurdun-ilkinji-zenan-hokumet-baslygy-bolar","status":"publish","type":"post","link":"https:\/\/zamanturkmenistan.com.tm\/?p=50722","title":{"rendered":"\u00ddurdu\u0148 ilkinji zenan h\u00f6k\u00fcmet ba\u015flygy bolar"},"content":{"rendered":"<p>\u015ewesi\u00fdany\u0148 mali\u00fde ministri Magdalena Andersson h\u00e4kimi\u00fdetd\u00e4ki Sos\u00fdal demokrat parti\u00fdany\u0148 \u00fdolba\u015f\u00e7ysy h\u00f6km\u00fcnde sa\u00fdlandy. Andersson h\u00f6k\u00fcmet ba\u015flygy wezipesinden \u00e7ekilen Stefan L\u00f6fweni\u0148 hem \u00fderine ge\u00e7er. 54 \u00fda\u015fly Andersson munu\u0148 \u00fc\u00e7in parlamenti\u0148 wekilleri tarapyndan tassyklanmaly bolar. So\u0148ra \u00fdurdu\u0148 t\u00e4ze h\u00f6k\u00fcmetini\u0148 agzalaryny kesgitl\u00e4r.<\/p>\n<p>Hereket ed\u00fd\u00e4n kanun\u00e7ylyga g\u00f6r\u00e4, \u00fdurdu\u0148 h\u00f6k\u00fcmet ba\u015flygy parlamentde ge\u00e7irilen ses beri\u015flik netijesinde kesgitlen\u00fd\u00e4r. H\u00e4zirki wagtda \u00fdurtda iki parti\u00fdadan ybarat koalisi\u00fda bar. 63 \u00fda\u015fly L\u00f6fwen parlameni\u0148 ba\u015flygyna i\u015fden \u00e7ekilendigini m\u00e4lim edip, t\u00e4ze h\u00f6k\u00fcmeti gurmagy \u00fc\u00e7in \u00fderine Andersson teklip etmeli bolar. Bu baradaky wagt jedweli h\u00e4zirlik\u00e7e m\u00e4lim edilmedi.<\/p>\n<p>2014-nji \u00fdyldan b\u00e4ri h\u00f6k\u00fcmet ba\u015flygy wezipesini \u00fderine \u00fdetir\u00fd\u00e4n L\u00f6fwen awgust a\u00fdynda i\u015fden \u00e7ekiljekdigini m\u00e4lim edipdi.<\/p>\n<p>L\u00f6fwen 2012-nji \u00fdylda 349 orunly parlamenti\u0148 100 mandatyna e\u00fde bolan Sos\u00fdal demokrat parti\u00fdany\u0148 \u00fdolba\u015f\u00e7ysy bolupdy.<\/p>\n","protected":false},"excerpt":{"rendered":"<p>\u015ewesi\u00fdany\u0148 mali\u00fde ministri Magdalena Andersson h\u00e4kimi\u00fdetd\u00e4ki Sos\u00fdal demokrat parti\u00fdany\u0148 \u00fdolba\u015f\u00e7ysy h\u00f6km\u00fcnde sa\u00fdlandy. Andersson h\u00f6k\u00fcmet ba\u015flygy wezipesinden \u00e7ekilen Stefan L\u00f6fweni\u0148 hem \u00fderine ge\u00e7er. 54 \u00fda\u015fly Andersson munu\u0148 \u00fc\u00e7in parlamenti\u0148 wekilleri tarapyndan tassyklanmaly bolar. So\u0148ra \u00fdurdu\u0148 t\u00e4ze h\u00f6k\u00fcmetini\u0148 agzalaryny kesgitl\u00e4r. Hereket ed\u00fd\u00e4n kanun\u00e7ylyga g\u00f6r\u00e4, \u00fdurdu\u0148 h\u00f6k\u00fcmet ba\u015flygy parlamentde ge\u00e7irilen ses beri\u015flik netijesinde kesgitlen\u00fd\u00e4r. H\u00e4zirki wagtda \u00fdurtda iki [&hellip;]<\/p>\n","protected":false},"author":2,"featured_media":50723,"comment_status":"open","ping_status":"closed","sticky":false,"template":"","format":"standard","meta":{"footnotes":""},"categories":[5],"tags":[2310,2311,2309],"_links":{"self":[{"href":"https:\/\/zamanturkmenistan.com.tm\/index.php?rest_route=\/wp\/v2\/posts\/50722"}],"collection":[{"href":"https:\/\/zamanturkmenistan.com.tm\/index.php?rest_route=\/wp\/v2\/posts"}],"about":[{"href":"https:\/\/zamanturkmenistan.com.tm\/index.php?rest_route=\/wp\/v2\/types\/post"}],"author":[{"embeddable":true,"href":"https:\/\/zamanturkmenistan.com.tm\/index.php?rest_route=\/wp\/v2\/users\/2"}],"replies":[{"embeddable":true,"href":"https:\/\/zamanturkmenistan.com.tm\/index.php?rest_route=%2Fwp%2Fv2%2Fcomments&post=50722"}],"version-history":[{"count":0,"href":"https:\/\/zamanturkmenistan.com.tm\/index.php?rest_route=\/wp\/v2\/posts\/50722\/revisions"}],"wp:featuredmedia":[{"embeddable":true,"href":"https:\/\/zamanturkmenistan.com.tm\/index.php?rest_route=\/wp\/v2\/media\/50723"}],"wp:attachment":[{"href":"https:\/\/zamanturkmenistan.com.tm\/index.php?rest_route=%2Fwp%2Fv2%2Fmedia&parent=50722"}],"wp:term":[{"taxonomy":"category","embeddable":true,"href":"https:\/\/zamanturkmenistan.com.tm\/index.php?rest_route=%2Fwp%2Fv2%2Fcategories&post=50722"},{"taxonomy":"post_tag","embeddable":true,"href":"https:\/\/zamanturkmenistan.com.tm\/index.php?rest_route=%2Fwp%2Fv2%2Ftags&post=50722"}],"curies":[{"name":"wp","href":"https:\/\/api.w.org\/{rel}","templated":true}]}}