{"id":50919,"date":"2021-11-10T15:16:47","date_gmt":"2021-11-10T10:16:47","guid":{"rendered":"https:\/\/zamanturkmenistan.com.tm\/?p=50919"},"modified":"2021-11-10T16:09:54","modified_gmt":"2021-11-10T11:09:54","slug":"watanyna-gaytaryp-berdi","status":"publish","type":"post","link":"https:\/\/zamanturkmenistan.com.tm\/?p=50919","title":{"rendered":"Wa\u00adta\u00adny\u00adna ga\u00fd\u00adta\u00adryp ber\u00addi"},"content":{"rendered":"<p>Ger\u00adma\u00adni\u00ad\u00fda Ma\u00ad\u00fd\u00fda me\u00adde\u00adni \u00fda\u00addy\u00adg\u00e4r\u00adlik\u00adle\u00adri\u00adni Gwa\u00adte\u00adma\u00adla we Mek\u00adsi\u00adka ga\u00fd\u00adta\u00adryp ber\u00addi. Res\u00admi da\u00adba\u00adra Ber\u00adlin\u00adde ge\u00ad\u00e7i\u00adril\u00addi. Ge\u00ad\u00e7en \u00fdyl Sak\u00adso\u00adni\u00ad\u00fda-An\u00adhalt\u00adda\u00adky fer\u00adma\u00adda 13 sa\u00adny gym\u00admat\u00adly eser ta\u00adpyl\u00addy. I\u0148 azyn\u00addan 15000 \u00fdyl\u00adlyk bir\u00adn\u00e4\u00ad\u00e7e m\u00f6\u00adh\u00fcm me\u00adde\u00adni eser\u00adleri\u0148 Gwa\u00adte\u00adma\u00adla\u00adny\u0148 il\u00ad\u00e7i\u00adsi Jorj Lem\u00adke we Mek\u00adsi\u00adka\u00adny\u0148 il\u00ad\u00e7i\u00adsi Fran\u00adsis\u00adko Ki\u00adro\u00adga gow\u00ad\u015fu\u00adry\u00adlan\u00addy\u00adgy ha\u00adbar be\u00adril\u00ad\u00fd\u00e4r. He\u00fd\u00adkel\u00adjik\u00adler il\u00adki\u00adba\u015f\u00adda ma\u00fd a\u00fdyn\u00adda tab\u00ad\u015fy\u00adryl\u00adma\u00adly\u00addy, \u00fd\u00f6\u00adne wag\u00adty uzak\u00adla\u015f\u00addyr\u00adman yzy\u00adna ga\u00fd\u00adta\u00adryl\u00adma\u00adly di\u00ad\u00fden ka\u00adra\u00adra ge\u00adlin\u00addi.<\/p>\n","protected":false},"excerpt":{"rendered":"<p>Ger\u00adma\u00adni\u00ad\u00fda Ma\u00ad\u00fd\u00fda me\u00adde\u00adni \u00fda\u00addy\u00adg\u00e4r\u00adlik\u00adle\u00adri\u00adni Gwa\u00adte\u00adma\u00adla we Mek\u00adsi\u00adka ga\u00fd\u00adta\u00adryp ber\u00addi. Res\u00admi da\u00adba\u00adra Ber\u00adlin\u00adde ge\u00ad\u00e7i\u00adril\u00addi. Ge\u00ad\u00e7en \u00fdyl Sak\u00adso\u00adni\u00ad\u00fda-An\u00adhalt\u00adda\u00adky fer\u00adma\u00adda 13 sa\u00adny gym\u00admat\u00adly eser ta\u00adpyl\u00addy. I\u0148 azyn\u00addan 15000 \u00fdyl\u00adlyk bir\u00adn\u00e4\u00ad\u00e7e m\u00f6\u00adh\u00fcm me\u00adde\u00adni eser\u00adleri\u0148 Gwa\u00adte\u00adma\u00adla\u00adny\u0148 il\u00ad\u00e7i\u00adsi Jorj Lem\u00adke we Mek\u00adsi\u00adka\u00adny\u0148 il\u00ad\u00e7i\u00adsi Fran\u00adsis\u00adko Ki\u00adro\u00adga gow\u00ad\u015fu\u00adry\u00adlan\u00addy\u00adgy ha\u00adbar be\u00adril\u00ad\u00fd\u00e4r. He\u00fd\u00adkel\u00adjik\u00adler il\u00adki\u00adba\u015f\u00adda ma\u00fd a\u00fdyn\u00adda tab\u00ad\u015fy\u00adryl\u00adma\u00adly\u00addy, \u00fd\u00f6\u00adne wag\u00adty uzak\u00adla\u015f\u00addyr\u00adman yzy\u00adna ga\u00fd\u00adta\u00adryl\u00adma\u00adly di\u00ad\u00fden ka\u00adra\u00adra ge\u00adlin\u00addi.<\/p>\n","protected":false},"author":2,"featured_media":50908,"comment_status":"open","ping_status":"closed","sticky":false,"template":"","format":"standard","meta":{"footnotes":""},"categories":[5],"tags":[2366],"acf":[],"_links":{"self":[{"href":"https:\/\/zamanturkmenistan.com.tm\/index.php?rest_route=\/wp\/v2\/posts\/50919"}],"collection":[{"href":"https:\/\/zamanturkmenistan.com.tm\/index.php?rest_route=\/wp\/v2\/posts"}],"about":[{"href":"https:\/\/zamanturkmenistan.com.tm\/index.php?rest_route=\/wp\/v2\/types\/post"}],"author":[{"embeddable":true,"href":"https:\/\/zamanturkmenistan.com.tm\/index.php?rest_route=\/wp\/v2\/users\/2"}],"replies":[{"embeddable":true,"href":"https:\/\/zamanturkmenistan.com.tm\/index.php?rest_route=%2Fwp%2Fv2%2Fcomments&post=50919"}],"version-history":[{"count":0,"href":"https:\/\/zamanturkmenistan.com.tm\/index.php?rest_route=\/wp\/v2\/posts\/50919\/revisions"}],"wp:featuredmedia":[{"embeddable":true,"href":"https:\/\/zamanturkmenistan.com.tm\/index.php?rest_route=\/wp\/v2\/media\/50908"}],"wp:attachment":[{"href":"https:\/\/zamanturkmenistan.com.tm\/index.php?rest_route=%2Fwp%2Fv2%2Fmedia&parent=50919"}],"wp:term":[{"taxonomy":"category","embeddable":true,"href":"https:\/\/zamanturkmenistan.com.tm\/index.php?rest_route=%2Fwp%2Fv2%2Fcategories&post=50919"},{"taxonomy":"post_tag","embeddable":true,"href":"https:\/\/zamanturkmenistan.com.tm\/index.php?rest_route=%2Fwp%2Fv2%2Ftags&post=50919"}],"curies":[{"name":"wp","href":"https:\/\/api.w.org\/{rel}","templated":true}]}}