{"id":50932,"date":"2021-11-10T17:59:29","date_gmt":"2021-11-10T12:59:29","guid":{"rendered":"https:\/\/zamanturkmenistan.com.tm\/?p=50932"},"modified":"2021-11-10T17:59:29","modified_gmt":"2021-11-10T12:59:29","slug":"fumio-kisida-yaponiyanyn-101-nji-premyer-ministri-wezipesine-saylandy","status":"publish","type":"post","link":"https:\/\/zamanturkmenistan.com.tm\/?p=50932","title":{"rendered":"Fumio Kisida \u00ddaponi\u00fdany\u0148 101-nji Prem\u00fder-ministri wezipesine sa\u00fdlandy"},"content":{"rendered":"<p>\u00ddapon parlamentini\u0148 a\u015faky palatasy sesleri\u0148 k\u00f6pl\u00fcgi bilen \u00fdurdu\u0148 dolandyryjy Liberal-demokratik Parti\u00fdasyny\u0148 (LDP) ba\u015flygy Fumio Kisidany \u00ddaponi\u00fdany\u0148 101-nji Prem\u00fder-ministri edip sa\u00fdlady.<\/p>\n<p>Prem\u00fder-ministr Fumio Kisidany\u0148 h\u00f6k\u00fcmeti \u015fu g\u00fcn doly i\u015finden \u00e7ekildi. Ministrler Kabinetini\u0148 adatdan da\u015fary maslahatynda Prem\u00fder-ministr h\u00f6k\u00fcmeti\u0148 \u00e4hli agzalaryny\u0148 i\u015finden \u00e7ekil\u00fd\u00e4ndigi barada arza \u00fdygnady. T\u00e4ze h\u00f6k\u00fcmet gurul\u00fdan\u00e7a, olar \u00fdolba\u015f\u00e7ylyk ed\u00fd\u00e4n pudaklaryny\u0148 ba\u015flyklary wezipesini \u00fderine \u00fdetirerler.<\/p>\n<p>Fumio Kisida 29-njy sent\u00fdabrda dolandyryjy parti\u00fdany\u0148 ba\u015flygy wezipesine giri\u015fip, 4-nji okt\u00fdabrda Prem\u00fder-ministr wezipesine sa\u00fdlandy. Onu\u0148 bu wezip\u00e4 bellenmegi 31-nji okt\u00fdabrda parlamenti\u0148 a\u015faky palatasyna ge\u00e7irilen sa\u00fdlawlardan so\u0148 resmi proseduradyr. Sa\u00fdlawdan so\u0148 LDP k\u00e4bir orunlaryny \u00fditirse-de, aglaba k\u00f6pl\u00fcgini saklady (465 orundan 261).<\/p>\n<p>Kisidany\u0148 hyta\u00fd-\u00fdapon gatna\u015fyklaryny \u00f6\u0148e s\u00fcr\u00fd\u00e4n kanun \u00e7ykaryjylar toparyna \u00fdolba\u015f\u00e7ylyk ed\u00fd\u00e4n \u00f6\u0148ki bilim ministri \u00ddo\u015fimasa Ha\u00fdasini da\u015fary i\u015fler ministri edip bellemegine gara\u015fyl\u00fdar. Prem\u00fder-ministr \u00f6\u0148ki goranmak ministri general Nakatanini adam hukuklary meseleleri bo\u00fdun\u00e7a \u00fd\u00f6rite ge\u0148e\u015f\u00e7isi edip bellemek\u00e7i.<\/p>\n","protected":false},"excerpt":{"rendered":"<p>\u00ddapon parlamentini\u0148 a\u015faky palatasy sesleri\u0148 k\u00f6pl\u00fcgi bilen \u00fdurdu\u0148 dolandyryjy Liberal-demokratik Parti\u00fdasyny\u0148 (LDP) ba\u015flygy Fumio Kisidany \u00ddaponi\u00fdany\u0148 101-nji Prem\u00fder-ministri edip sa\u00fdlady. Prem\u00fder-ministr Fumio Kisidany\u0148 h\u00f6k\u00fcmeti \u015fu g\u00fcn doly i\u015finden \u00e7ekildi. Ministrler Kabinetini\u0148 adatdan da\u015fary maslahatynda Prem\u00fder-ministr h\u00f6k\u00fcmeti\u0148 \u00e4hli agzalaryny\u0148 i\u015finden \u00e7ekil\u00fd\u00e4ndigi barada arza \u00fdygnady. T\u00e4ze h\u00f6k\u00fcmet gurul\u00fdan\u00e7a, olar \u00fdolba\u015f\u00e7ylyk ed\u00fd\u00e4n pudaklaryny\u0148 ba\u015flyklary wezipesini \u00fderine \u00fdetirerler. Fumio [&hellip;]<\/p>\n","protected":false},"author":2,"featured_media":50933,"comment_status":"open","ping_status":"closed","sticky":false,"template":"","format":"standard","meta":{"footnotes":""},"categories":[5],"tags":[],"acf":[],"_links":{"self":[{"href":"https:\/\/zamanturkmenistan.com.tm\/index.php?rest_route=\/wp\/v2\/posts\/50932"}],"collection":[{"href":"https:\/\/zamanturkmenistan.com.tm\/index.php?rest_route=\/wp\/v2\/posts"}],"about":[{"href":"https:\/\/zamanturkmenistan.com.tm\/index.php?rest_route=\/wp\/v2\/types\/post"}],"author":[{"embeddable":true,"href":"https:\/\/zamanturkmenistan.com.tm\/index.php?rest_route=\/wp\/v2\/users\/2"}],"replies":[{"embeddable":true,"href":"https:\/\/zamanturkmenistan.com.tm\/index.php?rest_route=%2Fwp%2Fv2%2Fcomments&post=50932"}],"version-history":[{"count":0,"href":"https:\/\/zamanturkmenistan.com.tm\/index.php?rest_route=\/wp\/v2\/posts\/50932\/revisions"}],"wp:featuredmedia":[{"embeddable":true,"href":"https:\/\/zamanturkmenistan.com.tm\/index.php?rest_route=\/wp\/v2\/media\/50933"}],"wp:attachment":[{"href":"https:\/\/zamanturkmenistan.com.tm\/index.php?rest_route=%2Fwp%2Fv2%2Fmedia&parent=50932"}],"wp:term":[{"taxonomy":"category","embeddable":true,"href":"https:\/\/zamanturkmenistan.com.tm\/index.php?rest_route=%2Fwp%2Fv2%2Fcategories&post=50932"},{"taxonomy":"post_tag","embeddable":true,"href":"https:\/\/zamanturkmenistan.com.tm\/index.php?rest_route=%2Fwp%2Fv2%2Ftags&post=50932"}],"curies":[{"name":"wp","href":"https:\/\/api.w.org\/{rel}","templated":true}]}}