{"id":51029,"date":"2021-11-11T20:20:23","date_gmt":"2021-11-11T15:20:23","guid":{"rendered":"https:\/\/zamanturkmenistan.com.tm\/?p=51029"},"modified":"2021-11-11T20:20:23","modified_gmt":"2021-11-11T15:20:23","slug":"in-calt-zaryad-beryan-beket","status":"publish","type":"post","link":"https:\/\/zamanturkmenistan.com.tm\/?p=51029","title":{"rendered":"I\u0148 \u00e7alt zar\u00ad\u00fdad ber\u00ad\u00fd\u00e4n be\u00adket"},"content":{"rendered":"<p>So\u0148\u00adky \u00fdyl\u00adlar\u00adda elekt\u00adrik to\u00adgy bi\u00adlen i\u015f\u00adle\u00ad\u00fd\u00e4n elekt\u00adrou\u00adlaglara zar\u00ad\u00fdad ber\u00admek ba\u00adbat\u00adda hem k\u00f6p ma\u00ad\u00fda go\u00ad\u00fdum tas\u00adla\u00adma\u00adla\u00adry ama\u00adla a\u015fy\u00adryl\u00addy. Bu ugur\u00adda de\u00adgi\u015f\u00adli i\u015f alyp bar\u00ad\u00fdan ABB \u015fwed-\u015fwe\u00fd\u00adsar kor\u00adpo\u00adra\u00adsi\u00ad\u00fda\u00adsy elekt\u00adrou\u00adlag\u00adla\u00adra has \u00e7alt zar\u00ad\u00fdad ber\u00ad\u00fd\u00e4n be\u00adke\u00addi ta\u00fd\u00ad\u00fdar\u00adla\u00addy. T\u00e4\u00adze ter\u00admi\u00adnal is\u00adlen\u00addik elekt\u00adrou\u00adla\u00adga 15 mi\u00adnut\u00adda do\u00adly zar\u00ad\u00fdad ber\u00ad\u00fd\u00e4r. Adat\u00ad\u00e7a, zar\u00ad\u00fdad ber\u00admek \u00fc\u00e7in 6-8 sa\u00adgat ge\u00adrek bol\u00ad\u00fdar. Bu ter\u00admi\u00adnal 4 aw\u00adtou\u00adla\u00adga bir wagt\u00adda zar\u00ad\u00fdad be\u00adrip bil\u00ad\u00fd\u00e4r. Mun\u00addan ba\u015f\u00adga-da, bu be\u00adket\u00adler\u00adde di\u00ad\u0148e bir \u00fde\u00ad\u0148il aw\u00adtou\u00adlag\u00adla\u00adry d\u00e4l, e\u00fd\u00adsem, \u00fd\u00fck ulag\u00adla\u00adry\u00adna we be\u00fd\u00adle\u00adki en\u00adjam\u00adla\u00adra hem zar\u00ad\u00fdad be\u00adrip bo\u00adlar.<br \/>\n\u00ddew\u00adro\u00adpa\u00adda a\u015fa \u00e7alt zar\u00ad\u00fdad be\u00adri\u015f ter\u00admi\u00adnal\u00adla\u00adry \u015fu \u00fdy\u00adly\u0148 ahy\u00adryn\u00adda el\u00ad\u00fde\u00adter\u00adli bo\u00adlar. Azi\u00ad\u00fda-\u00ddu\u00adwa\u015f um\u00adman se\u00adbi\u00adtin\u00adde \u015fe\u00fd\u00adle stan\u00adsi\u00ad\u00fda\u00adla\u00adry\u0148 gu\u00adrul\u00adma\u00adgy\u00adna 2022-nji \u00fdyl\u00adda ba\u015f\u00adla\u00adnar.<\/p>\n<p style=\"text-align: right;\"><strong>Nu\u00adra\u00adna SE\u00ad\u00ddI\u00adDO\u00adWA, <\/strong><br \/>\n<strong>S.A.Ny\u00ad\u00fda\u00adzow adyn\u00adda\u00adky T\u00fcrk\u00admen oba ho\u00adja\u00adlyk uni\u00adwer\u00adsi\u00adte\u00adti\u00adni\u0148 ta\u00adly\u00adby.<\/strong><\/p>\n","protected":false},"excerpt":{"rendered":"<p>So\u0148\u00adky \u00fdyl\u00adlar\u00adda elekt\u00adrik to\u00adgy bi\u00adlen i\u015f\u00adle\u00ad\u00fd\u00e4n elekt\u00adrou\u00adlaglara zar\u00ad\u00fdad ber\u00admek ba\u00adbat\u00adda hem k\u00f6p ma\u00ad\u00fda go\u00ad\u00fdum tas\u00adla\u00adma\u00adla\u00adry ama\u00adla a\u015fy\u00adryl\u00addy. Bu ugur\u00adda de\u00adgi\u015f\u00adli i\u015f alyp bar\u00ad\u00fdan ABB \u015fwed-\u015fwe\u00fd\u00adsar kor\u00adpo\u00adra\u00adsi\u00ad\u00fda\u00adsy elekt\u00adrou\u00adlag\u00adla\u00adra has \u00e7alt zar\u00ad\u00fdad ber\u00ad\u00fd\u00e4n be\u00adke\u00addi ta\u00fd\u00ad\u00fdar\u00adla\u00addy. T\u00e4\u00adze ter\u00admi\u00adnal is\u00adlen\u00addik elekt\u00adrou\u00adla\u00adga 15 mi\u00adnut\u00adda do\u00adly zar\u00ad\u00fdad ber\u00ad\u00fd\u00e4r. Adat\u00ad\u00e7a, zar\u00ad\u00fdad ber\u00admek \u00fc\u00e7in 6-8 sa\u00adgat ge\u00adrek bol\u00ad\u00fdar. Bu ter\u00admi\u00adnal 4 aw\u00adtou\u00adla\u00adga bir [&hellip;]<\/p>\n","protected":false},"author":2,"featured_media":51030,"comment_status":"open","ping_status":"closed","sticky":false,"template":"","format":"status","meta":{"footnotes":""},"categories":[5],"tags":[],"acf":[],"_links":{"self":[{"href":"https:\/\/zamanturkmenistan.com.tm\/index.php?rest_route=\/wp\/v2\/posts\/51029"}],"collection":[{"href":"https:\/\/zamanturkmenistan.com.tm\/index.php?rest_route=\/wp\/v2\/posts"}],"about":[{"href":"https:\/\/zamanturkmenistan.com.tm\/index.php?rest_route=\/wp\/v2\/types\/post"}],"author":[{"embeddable":true,"href":"https:\/\/zamanturkmenistan.com.tm\/index.php?rest_route=\/wp\/v2\/users\/2"}],"replies":[{"embeddable":true,"href":"https:\/\/zamanturkmenistan.com.tm\/index.php?rest_route=%2Fwp%2Fv2%2Fcomments&post=51029"}],"version-history":[{"count":0,"href":"https:\/\/zamanturkmenistan.com.tm\/index.php?rest_route=\/wp\/v2\/posts\/51029\/revisions"}],"wp:featuredmedia":[{"embeddable":true,"href":"https:\/\/zamanturkmenistan.com.tm\/index.php?rest_route=\/wp\/v2\/media\/51030"}],"wp:attachment":[{"href":"https:\/\/zamanturkmenistan.com.tm\/index.php?rest_route=%2Fwp%2Fv2%2Fmedia&parent=51029"}],"wp:term":[{"taxonomy":"category","embeddable":true,"href":"https:\/\/zamanturkmenistan.com.tm\/index.php?rest_route=%2Fwp%2Fv2%2Fcategories&post=51029"},{"taxonomy":"post_tag","embeddable":true,"href":"https:\/\/zamanturkmenistan.com.tm\/index.php?rest_route=%2Fwp%2Fv2%2Ftags&post=51029"}],"curies":[{"name":"wp","href":"https:\/\/api.w.org\/{rel}","templated":true}]}}