{"id":51197,"date":"2021-11-17T11:48:05","date_gmt":"2021-11-17T06:48:05","guid":{"rendered":"https:\/\/zamanturkmenistan.com.tm\/?p=51197"},"modified":"2021-11-17T11:48:05","modified_gmt":"2021-11-17T06:48:05","slug":"niderlandlar-8-yyllyk-arakesmeden-son-dunya-kubogynda","status":"publish","type":"post","link":"https:\/\/zamanturkmenistan.com.tm\/?p=51197","title":{"rendered":"Niderlandlar 8 \u00fdyllyk arakesmeden so\u0148 D\u00fcn\u00fd\u00e4 Kubogynda"},"content":{"rendered":"<p>Katar 2022 D\u00fcn\u00fd\u00e4 Kubogyny\u0148 sa\u00fdlama tapgyryny\u0148 \u00ddewropa zolagynda topar\u00e7alarda birinji orny e\u00fdel\u00e4nleri\u0148 i\u0148 so\u0148kusy hem belli boldy. \u00d6z me\u00fddan\u00e7asynda Norwegi\u00fdany so\u0148ky minutlarda Berguis we Depa\u00fdy\u0148 gollary bilen 2-0 \u00fde\u0148en Niderlandlary\u0148 \u00fdygyndysy D\u00fcn\u00fd\u00e4 Kubogynda \u00e7yky\u015f etm\u00e4ge hukuk gazandy. 2018-nji \u00fdylda gatna\u015fyp bilmedik Niderlandlar 11-nji gezek D\u00fcn\u00fd\u00e4 Kubogyna wekil\u00e7ilik ederler. Topar\u00e7ada T\u00fcrki\u00fd\u00e4ni\u0148 \u00fdygyndysy 2-nji \u00fderi e\u00fdel\u00e4p, ple\u00fd-off tapgyrynda \u00e7yky\u015f etm\u00e4ge hukuk gazandylar. T\u00fcrkler so\u0148ky du\u015fu\u015fygynda myhman\u00e7ylykda Garadagdan 2-1 hasabynda \u00fcst\u00fcn \u00e7ykdy. Norwegi\u00fdany\u0148 \u00fdygyndysy topar\u00e7ada 3-nji \u00fderi e\u00fdeledi.<\/p>\n<p>\u015ee\u00fdle-de \u201cD\u201d topar\u00e7ada Ukrainany\u0148, \u201cE\u201d topar\u00e7ada Uelsi\u0148 \u00fdygyndysy ple\u00fd-offda \u00e7yky\u015f ederler.<\/p>\n","protected":false},"excerpt":{"rendered":"<p>Katar 2022 D\u00fcn\u00fd\u00e4 Kubogyny\u0148 sa\u00fdlama tapgyryny\u0148 \u00ddewropa zolagynda topar\u00e7alarda birinji orny e\u00fdel\u00e4nleri\u0148 i\u0148 so\u0148kusy hem belli boldy. \u00d6z me\u00fddan\u00e7asynda Norwegi\u00fdany so\u0148ky minutlarda Berguis we Depa\u00fdy\u0148 gollary bilen 2-0 \u00fde\u0148en Niderlandlary\u0148 \u00fdygyndysy D\u00fcn\u00fd\u00e4 Kubogynda \u00e7yky\u015f etm\u00e4ge hukuk gazandy. 2018-nji \u00fdylda gatna\u015fyp bilmedik Niderlandlar 11-nji gezek D\u00fcn\u00fd\u00e4 Kubogyna wekil\u00e7ilik ederler. Topar\u00e7ada T\u00fcrki\u00fd\u00e4ni\u0148 \u00fdygyndysy 2-nji \u00fderi e\u00fdel\u00e4p, ple\u00fd-off [&hellip;]<\/p>\n","protected":false},"author":2,"featured_media":51198,"comment_status":"open","ping_status":"closed","sticky":false,"template":"","format":"standard","meta":{"footnotes":""},"categories":[1779],"tags":[723,1146,2412,954],"acf":[],"_links":{"self":[{"href":"https:\/\/zamanturkmenistan.com.tm\/index.php?rest_route=\/wp\/v2\/posts\/51197"}],"collection":[{"href":"https:\/\/zamanturkmenistan.com.tm\/index.php?rest_route=\/wp\/v2\/posts"}],"about":[{"href":"https:\/\/zamanturkmenistan.com.tm\/index.php?rest_route=\/wp\/v2\/types\/post"}],"author":[{"embeddable":true,"href":"https:\/\/zamanturkmenistan.com.tm\/index.php?rest_route=\/wp\/v2\/users\/2"}],"replies":[{"embeddable":true,"href":"https:\/\/zamanturkmenistan.com.tm\/index.php?rest_route=%2Fwp%2Fv2%2Fcomments&post=51197"}],"version-history":[{"count":0,"href":"https:\/\/zamanturkmenistan.com.tm\/index.php?rest_route=\/wp\/v2\/posts\/51197\/revisions"}],"wp:featuredmedia":[{"embeddable":true,"href":"https:\/\/zamanturkmenistan.com.tm\/index.php?rest_route=\/wp\/v2\/media\/51198"}],"wp:attachment":[{"href":"https:\/\/zamanturkmenistan.com.tm\/index.php?rest_route=%2Fwp%2Fv2%2Fmedia&parent=51197"}],"wp:term":[{"taxonomy":"category","embeddable":true,"href":"https:\/\/zamanturkmenistan.com.tm\/index.php?rest_route=%2Fwp%2Fv2%2Fcategories&post=51197"},{"taxonomy":"post_tag","embeddable":true,"href":"https:\/\/zamanturkmenistan.com.tm\/index.php?rest_route=%2Fwp%2Fv2%2Ftags&post=51197"}],"curies":[{"name":"wp","href":"https:\/\/api.w.org\/{rel}","templated":true}]}}