{"id":5120,"date":"2016-12-27T09:31:31","date_gmt":"2016-12-27T09:31:31","guid":{"rendered":"http:\/\/zamanturkmenistan.com\/?p=5120"},"modified":"2016-12-27T09:31:31","modified_gmt":"2016-12-27T09:31:31","slug":"sahara-colune-gar-yagdy","status":"publish","type":"post","link":"https:\/\/zamanturkmenistan.com.tm\/?p=5120","title":{"rendered":"Sahara \u00e7\u00f6l\u00fcne gar \u00fdagdy"},"content":{"rendered":"<p>Af\u00adri\u00adka\u00adda\u00adky Sa\u00adha\u00adra \u00e7\u00f6\u00adl\u00fc\u00adne gar \u00fdag\u00addy. Bu se\u00fd\u00adrek du\u015f gel\u00ad\u00fd\u00e4n \u00fdag\u00adda\u00fd ikin\u00adji ge\u00adzek ga\u00fd\u00adta\u00adlan\u00ad\u00fdar. Mun\u00addan ozal, 1979-njy \u00fdyl\u00adda \u015fe\u00fd\u00adle te\u00adbi\u00adgy wa\u00adka bo\u00adlup ge\u00ad\u00e7ip\u00addi. Bu te\u00adbi\u00adgy wa\u00adka\u00adny\u0148 su\u00adra\u00adty\u00adny su\u00adrat\u00ad\u00e7y Ka\u00adrim Bu\u00ad\u015fe\u00adtat in\u00adternetd\u00e4ki sa\u00fdtynda \u00fderle\u015fdirdi.<br \/>\nSu\u00adrat\u00adda g\u00f6r\u00adn\u00fc\u00ad\u015fi \u00fda\u00adly, Al\u00ad\u017ei\u00adri\u0148 A\u00fdn-Sef\u00adra \u015f\u00e4\u00adhe\u00adri\u00adni\u0148 go\u00adla\u00ad\u00fdyn\u00adda\u00adky \u00e7\u00f6\u00adl\u00fc\u0148 na\u00adryn\u00e7 re\u0148k\u00add\u00e4\u00adki gu\u00admu\u00adny ak gar b\u00fc\u00adr\u00e4p\u00addir. Bu ke\u015fbe syn eden m\u00e4\u00adhel\u00adle bir\u00adba\u00adda ha\u00fd\u00adran ga\u00adlyp\u00addyr. \u00dd\u00f6\u00adne gy\u00adnan\u00adsak-da, emele gelen te\u00adbi\u00adgy \u00f6zbolu\u015flylyk uzak do\u00adwam et\u00adme\u00addi. \u00c7\u00f6\u00adli be\u00adz\u00e4n gar ag\u00ad\u015fa\u00adma \u00e7en\u00adli er\u00e4p\u00addir.<br \/>\nSa\u00adha\u00adra \u00e7\u00f6\u00adli d\u00fcn\u00ad\u00fd\u00e4\u00adni\u0148 i\u0148 ys\u00adsy hem-de tut\u00ad\u00fdan me\u00fd\u00adda\u00adny bo\u00ad\u00fdun\u00ad\u00e7a i\u0148 uly \u00e7\u00f6l\u00adle\u00adri\u00adni\u0148 bi\u00adri\u00addir. Ol Af\u00adri\u00adka yk\u00adly\u00admyn\u00adda \u00fder\u00adle\u00ad\u015fip, onu\u0148 me\u00fd\u00adda\u00adny 8,6 mil\u00adli\u00adon ine\u00add\u00f6r\u00add\u00fcl ki\u00adlo\u00admet\u00adre ba\u00adra\u00adbar\u00addyr. Ol Af\u00adri\u00adka\u00adny\u0148 me\u00fd\u00adda\u00adny\u00adny\u0148 30 g\u00f6\u00adte\u00adri\u00admi\u00adni e\u00fde\u00adle\u00ad\u00fd\u00e4r. Onu\u0148 g\u00fcn\u00adba\u00adtar b\u00f6\u00adle\u00adgi\u00adni At\u00adlan\u00adtik um\u00adma\u00adny \u00fduw\u00ad\u00fdar, de\u00admir\u00adga\u00adzyk\u00adda At\u00adlas dag\u00adla\u00adry hem-de Or\u00adta\u00ad\u00fder de\u0148\u00adzi bi\u00adlen ara\u00ad\u00e7\u00e4k\u00adle\u015f\u00ad\u00fd\u00e4r, g\u00fcn\u00addo\u00adgary bol\u00adsa, Gy\u00adzyl de\u00ad\u0148zi bi\u00adlen ser\u00adhet\u00adle\u015f\u00ad\u00fd\u00e4r.<\/p>\n","protected":false},"excerpt":{"rendered":"<p>Af\u00adri\u00adka\u00adda\u00adky Sa\u00adha\u00adra \u00e7\u00f6\u00adl\u00fc\u00adne gar \u00fdag\u00addy. Bu se\u00fd\u00adrek du\u015f gel\u00ad\u00fd\u00e4n \u00fdag\u00adda\u00fd ikin\u00adji ge\u00adzek ga\u00fd\u00adta\u00adlan\u00ad\u00fdar. Mun\u00addan ozal, 1979-njy \u00fdyl\u00adda \u015fe\u00fd\u00adle te\u00adbi\u00adgy wa\u00adka bo\u00adlup ge\u00ad\u00e7ip\u00addi. Bu te\u00adbi\u00adgy wa\u00adka\u00adny\u0148 su\u00adra\u00adty\u00adny su\u00adrat\u00ad\u00e7y Ka\u00adrim Bu\u00ad\u015fe\u00adtat in\u00adternetd\u00e4ki sa\u00fdtynda \u00fderle\u015fdirdi. Su\u00adrat\u00adda g\u00f6r\u00adn\u00fc\u00ad\u015fi \u00fda\u00adly, Al\u00ad\u017ei\u00adri\u0148 A\u00fdn-Sef\u00adra \u015f\u00e4\u00adhe\u00adri\u00adni\u0148 go\u00adla\u00ad\u00fdyn\u00adda\u00adky \u00e7\u00f6\u00adl\u00fc\u0148 na\u00adryn\u00e7 re\u0148k\u00add\u00e4\u00adki gu\u00admu\u00adny ak gar b\u00fc\u00adr\u00e4p\u00addir. Bu ke\u015fbe syn eden m\u00e4\u00adhel\u00adle bir\u00adba\u00adda ha\u00fd\u00adran ga\u00adlyp\u00addyr. \u00dd\u00f6\u00adne [&hellip;]<\/p>\n","protected":false},"author":1,"featured_media":5121,"comment_status":"open","ping_status":"closed","sticky":false,"template":"","format":"standard","meta":{"footnotes":""},"categories":[5],"tags":[],"acf":[],"_links":{"self":[{"href":"https:\/\/zamanturkmenistan.com.tm\/index.php?rest_route=\/wp\/v2\/posts\/5120"}],"collection":[{"href":"https:\/\/zamanturkmenistan.com.tm\/index.php?rest_route=\/wp\/v2\/posts"}],"about":[{"href":"https:\/\/zamanturkmenistan.com.tm\/index.php?rest_route=\/wp\/v2\/types\/post"}],"author":[{"embeddable":true,"href":"https:\/\/zamanturkmenistan.com.tm\/index.php?rest_route=\/wp\/v2\/users\/1"}],"replies":[{"embeddable":true,"href":"https:\/\/zamanturkmenistan.com.tm\/index.php?rest_route=%2Fwp%2Fv2%2Fcomments&post=5120"}],"version-history":[{"count":0,"href":"https:\/\/zamanturkmenistan.com.tm\/index.php?rest_route=\/wp\/v2\/posts\/5120\/revisions"}],"wp:featuredmedia":[{"embeddable":true,"href":"https:\/\/zamanturkmenistan.com.tm\/index.php?rest_route=\/wp\/v2\/media\/5121"}],"wp:attachment":[{"href":"https:\/\/zamanturkmenistan.com.tm\/index.php?rest_route=%2Fwp%2Fv2%2Fmedia&parent=5120"}],"wp:term":[{"taxonomy":"category","embeddable":true,"href":"https:\/\/zamanturkmenistan.com.tm\/index.php?rest_route=%2Fwp%2Fv2%2Fcategories&post=5120"},{"taxonomy":"post_tag","embeddable":true,"href":"https:\/\/zamanturkmenistan.com.tm\/index.php?rest_route=%2Fwp%2Fv2%2Ftags&post=5120"}],"curies":[{"name":"wp","href":"https:\/\/api.w.org\/{rel}","templated":true}]}}