{"id":5137,"date":"2016-12-27T11:06:22","date_gmt":"2016-12-27T11:06:22","guid":{"rendered":"http:\/\/zamanturkmenistan.com\/?p=5137"},"modified":"2016-12-27T11:06:22","modified_gmt":"2016-12-27T11:06:22","slug":"yyl%c2%adlyk-40-mil%c2%adli%c2%adon-yew%c2%adro","status":"publish","type":"post","link":"https:\/\/zamanturkmenistan.com.tm\/?p=5137","title":{"rendered":"\u00ddyl\u00adlyk 40 mil\u00adli\u00adon \u00fdew\u00adro"},"content":{"rendered":"<p>\u015ean\u00adha\u00fd \u015f\u00e4\u00adhe\u00adri\u00adni\u0148 2 klu\u00adbu\u00adny\u0148 ara\u00adsyn\u00adda\u00adky b\u00e4s\u00adde\u015f\u00adlik di\u00ad\u0148e bir me\u00fd\u00addan\u00ad\u00e7a\u00adda bol\u00adman, e\u00fd\u00adsem, olar trans\u00adfer\u00adde-de bi\u00adri-bi\u00adri bi\u00adlen \u00fda\u00adry\u00ad\u015fyp ba\u015f\u00adla\u00addy. \u201c\u015ean\u00adha\u00fd SIPG\u201d to\u00adpa\u00adry\u00adny\u0148 bra\u00adzi\u00adli\u00ad\u00fda\u00adly Os\u00adka\u00adry re\u00adkord ba\u00adha sa\u00adtyn al\u00adma\u00adgyn\u00addan so\u0148, \u015f\u00e4\u00adhe\u00adri\u0148 be\u00fd\u00adle\u00adki to\u00adpa\u00adry \u201c\u015ean\u00adha\u00fd \u015een\u00adhua\u201d hem he\u00adre\u00adke\u00adte ge\u00e7\u00addi. \u201c\u015een\u00adhua\u00adly\u00adlar\u201d ar\u00adgen\u00adti\u00adna\u00adly \u00fdyl\u00addyz o\u00fdun\u00ad\u00e7y Kar\u00adlos Te\u00adwez bi\u00adlen i\u00e7\u00adgin gy\u00adzyk\u00adlan\u00ad\u00fdar. Olar 32 \u00fda\u00ad\u015fyn\u00adda\u00adky h\u00fc\u00adj\u00fcm\u00ad\u00e7\u00e4 ta\u00adry\u00adhy tek\u00adlip bi\u00adlen \u00fd\u00fcz tut\u00addy. Hy\u00adta\u00fd klu\u00adbu\u00adny\u0148 \u00fdol\u00adba\u015f\u00ad\u00e7y\u00adla\u00adry h\u00e4\u00adzir\u00adki wagt\u00adda \u201cBo\u00adko Hu\u00adniors\u00adda\u201d o\u00fd\u00adna\u00ad\u00fdan Te\u00adwez bi\u00adlen 2 \u00fdyl\u00adlyk \u015fert\u00adna\u00adma bag\u00adla\u015f\u00admak is\u00adle\u00ad\u00fd\u00e4n\u00addik\u00adle\u00adri\u00adni we her \u00fdy\u00adly \u00fc\u00e7i\u00adnem 40 mil\u00adli\u00adon \u00fdew\u00adro t\u00f6\u00adle\u00adjek\u00addik\u00adle\u00adri\u00adni ha\u00adbar ber\u00addi\u00adler. Ar\u00adgen\u00adtin to\u00adpa\u00adry bi\u00adlen 2018-nji \u00fdy\u00adla \u00e7en\u00adli \u015fert\u00adna\u00adma\u00adsy bo\u00adlan Te\u00adwe\u00adzi\u0148 \u201c\u015ean\u00adha\u00fd \u015een\u00adhua\u00addan\u201d ge\u00adlen tek\u00adli\u00adbi ka\u00adbul et\u00adme\u00adgi\u00adne ga\u00adra\u00ad\u015fyl\u00ad\u00fdar. Eger-de transfer amala a\u015fan \u00fdagda\u00fdynda Tewez i\u0148 k\u00f6p hak al\u00fdan futbol\u00e7y bolar.<\/p>\n","protected":false},"excerpt":{"rendered":"<p>\u015ean\u00adha\u00fd \u015f\u00e4\u00adhe\u00adri\u00adni\u0148 2 klu\u00adbu\u00adny\u0148 ara\u00adsyn\u00adda\u00adky b\u00e4s\u00adde\u015f\u00adlik di\u00ad\u0148e bir me\u00fd\u00addan\u00ad\u00e7a\u00adda bol\u00adman, e\u00fd\u00adsem, olar trans\u00adfer\u00adde-de bi\u00adri-bi\u00adri bi\u00adlen \u00fda\u00adry\u00ad\u015fyp ba\u015f\u00adla\u00addy. \u201c\u015ean\u00adha\u00fd SIPG\u201d to\u00adpa\u00adry\u00adny\u0148 bra\u00adzi\u00adli\u00ad\u00fda\u00adly Os\u00adka\u00adry re\u00adkord ba\u00adha sa\u00adtyn al\u00adma\u00adgyn\u00addan so\u0148, \u015f\u00e4\u00adhe\u00adri\u0148 be\u00fd\u00adle\u00adki to\u00adpa\u00adry \u201c\u015ean\u00adha\u00fd \u015een\u00adhua\u201d hem he\u00adre\u00adke\u00adte ge\u00e7\u00addi. \u201c\u015een\u00adhua\u00adly\u00adlar\u201d ar\u00adgen\u00adti\u00adna\u00adly \u00fdyl\u00addyz o\u00fdun\u00ad\u00e7y Kar\u00adlos Te\u00adwez bi\u00adlen i\u00e7\u00adgin gy\u00adzyk\u00adlan\u00ad\u00fdar. Olar 32 \u00fda\u00ad\u015fyn\u00adda\u00adky h\u00fc\u00adj\u00fcm\u00ad\u00e7\u00e4 ta\u00adry\u00adhy tek\u00adlip bi\u00adlen \u00fd\u00fcz tut\u00addy. Hy\u00adta\u00fd klu\u00adbu\u00adny\u0148 [&hellip;]<\/p>\n","protected":false},"author":1,"featured_media":5139,"comment_status":"open","ping_status":"closed","sticky":false,"template":"","format":"standard","meta":{"footnotes":""},"categories":[13],"tags":[],"acf":[],"_links":{"self":[{"href":"https:\/\/zamanturkmenistan.com.tm\/index.php?rest_route=\/wp\/v2\/posts\/5137"}],"collection":[{"href":"https:\/\/zamanturkmenistan.com.tm\/index.php?rest_route=\/wp\/v2\/posts"}],"about":[{"href":"https:\/\/zamanturkmenistan.com.tm\/index.php?rest_route=\/wp\/v2\/types\/post"}],"author":[{"embeddable":true,"href":"https:\/\/zamanturkmenistan.com.tm\/index.php?rest_route=\/wp\/v2\/users\/1"}],"replies":[{"embeddable":true,"href":"https:\/\/zamanturkmenistan.com.tm\/index.php?rest_route=%2Fwp%2Fv2%2Fcomments&post=5137"}],"version-history":[{"count":0,"href":"https:\/\/zamanturkmenistan.com.tm\/index.php?rest_route=\/wp\/v2\/posts\/5137\/revisions"}],"wp:featuredmedia":[{"embeddable":true,"href":"https:\/\/zamanturkmenistan.com.tm\/index.php?rest_route=\/wp\/v2\/media\/5139"}],"wp:attachment":[{"href":"https:\/\/zamanturkmenistan.com.tm\/index.php?rest_route=%2Fwp%2Fv2%2Fmedia&parent=5137"}],"wp:term":[{"taxonomy":"category","embeddable":true,"href":"https:\/\/zamanturkmenistan.com.tm\/index.php?rest_route=%2Fwp%2Fv2%2Fcategories&post=5137"},{"taxonomy":"post_tag","embeddable":true,"href":"https:\/\/zamanturkmenistan.com.tm\/index.php?rest_route=%2Fwp%2Fv2%2Ftags&post=5137"}],"curies":[{"name":"wp","href":"https:\/\/api.w.org\/{rel}","templated":true}]}}