{"id":51663,"date":"2021-11-24T18:00:56","date_gmt":"2021-11-24T13:00:56","guid":{"rendered":"https:\/\/zamanturkmenistan.com.tm\/?p=51663"},"modified":"2021-11-24T18:00:56","modified_gmt":"2021-11-24T13:00:56","slug":"uc-asyrda-yasan-sonky-adam-aradan-cykdy","status":"publish","type":"post","link":"https:\/\/zamanturkmenistan.com.tm\/?p=51663","title":{"rendered":"\u00dc\u00e7 asyrda \u00fda\u015fan so\u0148ky adam aradan \u00e7ykdy"},"content":{"rendered":"<p>D\u00fcn\u00fd\u00e4ni\u0148 i\u0148 garry adamydygy \u00e7aklanyl\u00fdan we XIX asyry g\u00f6ren so\u0148ky adam hasaplan\u00fdan Franciska Susano 124 \u00fda\u015fyny\u0148 i\u00e7inde aradan \u00e7ykdy. Filippinleri\u0148 Kabankalan \u015f\u00e4herinde \u00fda\u015fa\u00fdan a\u00fdala \u00fdakynlary Lola di\u00fdip \u00fczlen\u00fd\u00e4rdiler. Onu\u0148 adyny\u0148 Ginnesi\u0148 b\u00fctind\u00fcn\u00fd\u00e4 rekordlar kitabyna girizilmegi \u00fc\u00e7in \u00fd\u00fcz tutulandygy, emma belli netij\u00e4 gelinm\u00e4ndigi m\u00e4lim edildi.<\/p>\n","protected":false},"excerpt":{"rendered":"<p>D\u00fcn\u00fd\u00e4ni\u0148 i\u0148 garry adamydygy \u00e7aklanyl\u00fdan we XIX asyry g\u00f6ren so\u0148ky adam hasaplan\u00fdan Franciska Susano 124 \u00fda\u015fyny\u0148 i\u00e7inde aradan \u00e7ykdy. Filippinleri\u0148 Kabankalan \u015f\u00e4herinde \u00fda\u015fa\u00fdan a\u00fdala \u00fdakynlary Lola di\u00fdip \u00fczlen\u00fd\u00e4rdiler. Onu\u0148 adyny\u0148 Ginnesi\u0148 b\u00fctind\u00fcn\u00fd\u00e4 rekordlar kitabyna girizilmegi \u00fc\u00e7in \u00fd\u00fcz tutulandygy, emma belli netij\u00e4 gelinm\u00e4ndigi m\u00e4lim edildi.<\/p>\n","protected":false},"author":2,"featured_media":51664,"comment_status":"open","ping_status":"closed","sticky":false,"template":"","format":"standard","meta":{"footnotes":""},"categories":[5],"tags":[],"acf":[],"_links":{"self":[{"href":"https:\/\/zamanturkmenistan.com.tm\/index.php?rest_route=\/wp\/v2\/posts\/51663"}],"collection":[{"href":"https:\/\/zamanturkmenistan.com.tm\/index.php?rest_route=\/wp\/v2\/posts"}],"about":[{"href":"https:\/\/zamanturkmenistan.com.tm\/index.php?rest_route=\/wp\/v2\/types\/post"}],"author":[{"embeddable":true,"href":"https:\/\/zamanturkmenistan.com.tm\/index.php?rest_route=\/wp\/v2\/users\/2"}],"replies":[{"embeddable":true,"href":"https:\/\/zamanturkmenistan.com.tm\/index.php?rest_route=%2Fwp%2Fv2%2Fcomments&post=51663"}],"version-history":[{"count":0,"href":"https:\/\/zamanturkmenistan.com.tm\/index.php?rest_route=\/wp\/v2\/posts\/51663\/revisions"}],"wp:featuredmedia":[{"embeddable":true,"href":"https:\/\/zamanturkmenistan.com.tm\/index.php?rest_route=\/wp\/v2\/media\/51664"}],"wp:attachment":[{"href":"https:\/\/zamanturkmenistan.com.tm\/index.php?rest_route=%2Fwp%2Fv2%2Fmedia&parent=51663"}],"wp:term":[{"taxonomy":"category","embeddable":true,"href":"https:\/\/zamanturkmenistan.com.tm\/index.php?rest_route=%2Fwp%2Fv2%2Fcategories&post=51663"},{"taxonomy":"post_tag","embeddable":true,"href":"https:\/\/zamanturkmenistan.com.tm\/index.php?rest_route=%2Fwp%2Fv2%2Ftags&post=51663"}],"curies":[{"name":"wp","href":"https:\/\/api.w.org\/{rel}","templated":true}]}}