{"id":51667,"date":"2021-11-25T10:31:00","date_gmt":"2021-11-25T05:31:00","guid":{"rendered":"https:\/\/zamanturkmenistan.com.tm\/?p=51667"},"modified":"2021-11-25T10:31:00","modified_gmt":"2021-11-25T05:31:00","slug":"ebrahim-raisi-eko-sammitine-gatnasmak-ucin-turkmenistana-gelyar","status":"publish","type":"post","link":"https:\/\/zamanturkmenistan.com.tm\/?p=51667","title":{"rendered":"Ebrahim Raisi EKO sammitine gatna\u015fmak \u00fc\u00e7in T\u00fcrkmenistana gel\u00fd\u00e4r"},"content":{"rendered":"<p>E\u00fdran Yslam Respublikasyny\u0148 Prezidenti Ebrahim Raisi \u015fenbe g\u00fcni Ykdysady Hyzmatda\u015flyk Guramasyny\u0148 (EKO) sammitine gatna\u015fmak \u00fc\u00e7in T\u00fcrkmenistana gel\u00fd\u00e4r. Bu barada IRNA habarlar gullugy m\u00e4lim etdi.<\/p>\n<p>Prezident Gurbanguly Berdimuhamedowy\u0148 \u00e7akylygy esasynda T\u00fcrkmenistana sapar bilen gel\u00fd\u00e4n E\u00fdrany\u0148 Prezidenti Ebrahim Raisi, \u00f6z \u00fdurduny\u0148 \u00fdokary derejeli sy\u00fdasy we ykdysady wekili\u00fdetine \u00fdolba\u015f\u00e7ylyk eder.<\/p>\n<p>Prezident Ebrahim Raisini\u0148 E\u00fdrany\u0148 sebit we halkara gatna\u015fyklaryny pugtalandyrmak, esasan hem, p\u00e4sgel\u00e7ilikleri a\u00fdyrmak we EKO agza \u00fdurtlary\u0148 arasyndaky hyzmatda\u015flygy\u0148 derejesini \u00fdokarlandyrmak baradaky gara\u00fdy\u015flaryny we tekliplerini be\u00fdan etmegine gara\u015fyl\u00fdar. \u015ee\u00fdle hem, Preziden Ebrahim Raisi ikitarapla\u00fdyn gatna\u015fyklary gi\u0148eltmegi\u0148 m\u00fcmkin\u00e7iliklerini \u00f6wrenmek \u00fc\u00e7in k\u00e4rde\u015fleri bilen du\u015fu\u015fyklar ge\u00e7irer.<\/p>\n<p>EKO sebitle\u00fdin gurama bolup, E\u00fdran, T\u00fcrkmenistan, Azerba\u00fdjan, Gazagystan, Gyrgyzystan, T\u00e4jigistan, we \u00d6zbegistan onu\u0148 doly hukukly agzasydyr. EKO-ny\u0148 15-nji sammiti \u00fdek\u015fenbe A\u015fgabatda ge\u00e7iriler we EKO ba\u015flyklyk etmek d\u00f6wri T\u00fcrkmenistana ge\u00e7\u00fd\u00e4r.<\/p>\n","protected":false},"excerpt":{"rendered":"<p>E\u00fdran Yslam Respublikasyny\u0148 Prezidenti Ebrahim Raisi \u015fenbe g\u00fcni Ykdysady Hyzmatda\u015flyk Guramasyny\u0148 (EKO) sammitine gatna\u015fmak \u00fc\u00e7in T\u00fcrkmenistana gel\u00fd\u00e4r. Bu barada IRNA habarlar gullugy m\u00e4lim etdi. Prezident Gurbanguly Berdimuhamedowy\u0148 \u00e7akylygy esasynda T\u00fcrkmenistana sapar bilen gel\u00fd\u00e4n E\u00fdrany\u0148 Prezidenti Ebrahim Raisi, \u00f6z \u00fdurduny\u0148 \u00fdokary derejeli sy\u00fdasy we ykdysady wekili\u00fdetine \u00fdolba\u015f\u00e7ylyk eder. Prezident Ebrahim Raisini\u0148 E\u00fdrany\u0148 sebit we halkara gatna\u015fyklaryny [&hellip;]<\/p>\n","protected":false},"author":2,"featured_media":51668,"comment_status":"open","ping_status":"closed","sticky":false,"template":"","format":"standard","meta":{"footnotes":""},"categories":[5],"tags":[],"acf":[],"_links":{"self":[{"href":"https:\/\/zamanturkmenistan.com.tm\/index.php?rest_route=\/wp\/v2\/posts\/51667"}],"collection":[{"href":"https:\/\/zamanturkmenistan.com.tm\/index.php?rest_route=\/wp\/v2\/posts"}],"about":[{"href":"https:\/\/zamanturkmenistan.com.tm\/index.php?rest_route=\/wp\/v2\/types\/post"}],"author":[{"embeddable":true,"href":"https:\/\/zamanturkmenistan.com.tm\/index.php?rest_route=\/wp\/v2\/users\/2"}],"replies":[{"embeddable":true,"href":"https:\/\/zamanturkmenistan.com.tm\/index.php?rest_route=%2Fwp%2Fv2%2Fcomments&post=51667"}],"version-history":[{"count":0,"href":"https:\/\/zamanturkmenistan.com.tm\/index.php?rest_route=\/wp\/v2\/posts\/51667\/revisions"}],"wp:featuredmedia":[{"embeddable":true,"href":"https:\/\/zamanturkmenistan.com.tm\/index.php?rest_route=\/wp\/v2\/media\/51668"}],"wp:attachment":[{"href":"https:\/\/zamanturkmenistan.com.tm\/index.php?rest_route=%2Fwp%2Fv2%2Fmedia&parent=51667"}],"wp:term":[{"taxonomy":"category","embeddable":true,"href":"https:\/\/zamanturkmenistan.com.tm\/index.php?rest_route=%2Fwp%2Fv2%2Fcategories&post=51667"},{"taxonomy":"post_tag","embeddable":true,"href":"https:\/\/zamanturkmenistan.com.tm\/index.php?rest_route=%2Fwp%2Fv2%2Ftags&post=51667"}],"curies":[{"name":"wp","href":"https:\/\/api.w.org\/{rel}","templated":true}]}}