{"id":51680,"date":"2021-11-25T17:38:03","date_gmt":"2021-11-25T12:38:03","guid":{"rendered":"https:\/\/zamanturkmenistan.com.tm\/?p=51680"},"modified":"2021-11-25T17:38:03","modified_gmt":"2021-11-25T12:38:03","slug":"ilkinji-zenan-premyer-ministr-birnace-sagatdan-son-isinden-gitdi","status":"publish","type":"post","link":"https:\/\/zamanturkmenistan.com.tm\/?p=51680","title":{"rendered":"Ilkinji zenan Prem\u00fder-ministr birn\u00e4\u00e7e sagatdan so\u0148 i\u015finden gitdi"},"content":{"rendered":"<p>Magdalena Andersson \u015ewesi\u00fdany\u0148 Prem\u00fder-ministri wezipesine giri\u015fenden birn\u00e4\u00e7e sagatdan so\u0148 mejbury \u00fdagda\u00fdda i\u015finden gid\u00fd\u00e4ndigini m\u00e4lim etdi. Bu \u00fdagda\u00fd parlamenti\u0148 d\u00f6wlet b\u00fdujetini\u0148 taslamasyny kabul etmekden \u00fd\u00fcz \u00f6w\u00fcrenden so\u0148 boldy. Ol &#8211; &#8220;Eger-de onu\u0148 kanunylygyna \u015f\u00fcbhelenmek \u00fc\u00e7in esaslar bar bolsa, onda men h\u00f6k\u00fcmete \u00fdolba\u015f\u00e7ylyk etmek isleme\u00fd\u00e4rin\u201d \u2013 di\u00fdip, belledi.<\/p>\n<p>\u015ewesi\u00fdany\u0148 taryhynda ilkinji gezek Ministrler Kabinetine zenan sa\u00fdlanyp, 24-nji no\u00fdabrda \u00fdurdu\u0148 parlamenti Magdalena Anderssony\u0148 dala\u015fg\u00e4rligini tassyklady.<\/p>\n<p>117 deputat \u015ewesi\u00fdany\u0148 Sosial-demokratik z\u00e4hmet parti\u00fdasyny\u0148 ba\u015flygyna ses berdi, 174 oppozisi\u00fda agzasy gar\u015fy \u00e7ykdy, galanlary saklandy. \u015ee\u00fdle-de bolsa, \u00fdurdu\u0148 kanunlaryna la\u00fdyklykda k\u00f6pl\u00fck goldawyny almazdan, Prem\u00fder-ministr 175 adam gar\u015fy \u00e7ykmasa, i\u015fe ba\u015flap bil\u00fd\u00e4r.<\/p>\n<p>Magdalena Andersson ozal Halkara pul gaznasyny\u0148 d\u00fcz\u00fcmind\u00e4ki halkara pul we mali\u00fde komitetini\u0148 ba\u015flygy we \u015ewesi\u00fdany\u0148 mali\u00fde ministri bolup i\u015fledi we bu edara \u00fdolba\u015f\u00e7ylyk eden ilkinji zenan boldy.<\/p>\n<p>\u015ewesi\u00fdany\u0148 \u00f6\u0148ki prem\u00fder-ministri Stefan L\u00fdowen 10-njy no\u00fdabrda i\u015finden \u00e7ekilipdi.<\/p>\n","protected":false},"excerpt":{"rendered":"<p>Magdalena Andersson \u015ewesi\u00fdany\u0148 Prem\u00fder-ministri wezipesine giri\u015fenden birn\u00e4\u00e7e sagatdan so\u0148 mejbury \u00fdagda\u00fdda i\u015finden gid\u00fd\u00e4ndigini m\u00e4lim etdi. Bu \u00fdagda\u00fd parlamenti\u0148 d\u00f6wlet b\u00fdujetini\u0148 taslamasyny kabul etmekden \u00fd\u00fcz \u00f6w\u00fcrenden so\u0148 boldy. Ol &#8211; &#8220;Eger-de onu\u0148 kanunylygyna \u015f\u00fcbhelenmek \u00fc\u00e7in esaslar bar bolsa, onda men h\u00f6k\u00fcmete \u00fdolba\u015f\u00e7ylyk etmek isleme\u00fd\u00e4rin\u201d \u2013 di\u00fdip, belledi. \u015ewesi\u00fdany\u0148 taryhynda ilkinji gezek Ministrler Kabinetine zenan sa\u00fdlanyp, 24-nji [&hellip;]<\/p>\n","protected":false},"author":2,"featured_media":50723,"comment_status":"open","ping_status":"closed","sticky":false,"template":"","format":"standard","meta":{"footnotes":""},"categories":[5],"tags":[],"acf":[],"_links":{"self":[{"href":"https:\/\/zamanturkmenistan.com.tm\/index.php?rest_route=\/wp\/v2\/posts\/51680"}],"collection":[{"href":"https:\/\/zamanturkmenistan.com.tm\/index.php?rest_route=\/wp\/v2\/posts"}],"about":[{"href":"https:\/\/zamanturkmenistan.com.tm\/index.php?rest_route=\/wp\/v2\/types\/post"}],"author":[{"embeddable":true,"href":"https:\/\/zamanturkmenistan.com.tm\/index.php?rest_route=\/wp\/v2\/users\/2"}],"replies":[{"embeddable":true,"href":"https:\/\/zamanturkmenistan.com.tm\/index.php?rest_route=%2Fwp%2Fv2%2Fcomments&post=51680"}],"version-history":[{"count":0,"href":"https:\/\/zamanturkmenistan.com.tm\/index.php?rest_route=\/wp\/v2\/posts\/51680\/revisions"}],"wp:featuredmedia":[{"embeddable":true,"href":"https:\/\/zamanturkmenistan.com.tm\/index.php?rest_route=\/wp\/v2\/media\/50723"}],"wp:attachment":[{"href":"https:\/\/zamanturkmenistan.com.tm\/index.php?rest_route=%2Fwp%2Fv2%2Fmedia&parent=51680"}],"wp:term":[{"taxonomy":"category","embeddable":true,"href":"https:\/\/zamanturkmenistan.com.tm\/index.php?rest_route=%2Fwp%2Fv2%2Fcategories&post=51680"},{"taxonomy":"post_tag","embeddable":true,"href":"https:\/\/zamanturkmenistan.com.tm\/index.php?rest_route=%2Fwp%2Fv2%2Ftags&post=51680"}],"curies":[{"name":"wp","href":"https:\/\/api.w.org\/{rel}","templated":true}]}}