{"id":51741,"date":"2021-11-25T21:24:06","date_gmt":"2021-11-25T16:24:06","guid":{"rendered":"https:\/\/zamanturkmenistan.com.tm\/?p=51741"},"modified":"2021-11-25T21:24:06","modified_gmt":"2021-11-25T16:24:06","slug":"galyndylardan-awtoulag-yasaldy","status":"publish","type":"post","link":"https:\/\/zamanturkmenistan.com.tm\/?p=51741","title":{"rendered":"Ga\u00adlyn\u00addy\u00adlar\u00addan  aw\u00adtou\u00adlag \u00fda\u00adsal\u00addy"},"content":{"rendered":"<p>AB\u015e-ny\u0148 \u00abFis\u00adker\u00bb kom\u00adpa\u00adni\u00ad\u00fda\u00adsy \u00ab\u00fda\u00ad\u015fyl\u00bb aw\u00adtou\u00adlag \u00f6n\u00fcm\u00ad\u00e7i\u00adli\u00adgi\u00adne ba\u015f\u00adga\u00ad\u00e7a \u00e7e\u00adme\u00adle\u015f\u00ad\u00fd\u00e4r. Kom\u00adpa\u00adni\u00ad\u00fda \u00abFis\u00adker Ocean\u00bb at\u00adly il\u00adkin\u00adji ula\u00adgy\u00adny k\u00f6p\u00ad\u00e7\u00fc\u00adli\u00adge g\u00f6r\u00adkez\u00addi. Da\u00adni\u00ad\u00fda\u00adly Hen\u00adrik Fis\u00adke\u00adri\u0148 2016-njy \u00fdyl\u00adda esas\u00adlan\u00addy\u00adr\u00adan kom\u00adpa\u00adni\u00ad\u00fda\u00adsy hem\u00adme\u00adler \u00fc\u00e7in el\u00ad\u00fde\u00adter\u00adli bol\u00adjak aw\u00adtou\u00adlag \u00f6n\u00add\u00fcr\u00adme\u00adgi mak\u00adsat edin\u00ad\u00fd\u00e4r. Los-An\u00adje\u00adles\u00adde ta\u00adny\u015f\u00addy\u00adry\u00adlan ula\u00adgy\u0148 i\u00e7\u00adki di\u00adza\u00fd\u00adny tu\u00adtu\u015f\u00adly\u00adgy\u00adna \u00f6s\u00fcm\u00adlik\u00adler\u00adden \u00fda-da ozal ula\u00adny\u00adlan ma\u00adte\u00adri\u00adal\u00adlar\u00addan \u00fda\u00adsa\u00adlyp\u00addyr. Otur\u00adgy\u00e7 \u00fc\u00e7in ni\u00ad\u00fdet\u00adle\u00adnen ha\u00adly\u00adlar ba\u00adlyk\u00ad\u00e7y\u00adla\u00adry\u0148 ze\u00adper \u00fde\u00adten tor\u00adla\u00adryn\u00addan we ozal ge\u00fd\u00adlen egin-e\u015fik\u00adler\u00adden \u00f6n\u00add\u00fc\u00adri\u00adlip\u00addir. Ula\u00adgy\u0148 ti\u00adgir\u00adle\u00adri hem ozal ula\u00adny\u00adlan kau\u00ad\u00e7uk ha\u00adryt\u00adlar\u00addan al\u00adnyp\u00addyr. Ula\u00adgy\u0148 k\u00f6p \u00fde\u00adrin\u00adde ula\u00adny\u00adlan me\u00adtal\u00adlar hem ozal ula\u00adny\u00adlan po\u00adlat\u00addan \u00f6n\u00add\u00fc\u00adri\u00adlip\u00addir. Elekt\u00adrik ener\u00adgi\u00ad\u00fda\u00adsy bi\u00adlen i\u015f\u00adle\u00ad\u00fd\u00e4n ula\u00adgy\u0148 \u00abOcean Sport\u00bb, \u00abOcean Ult\u00adra\u00bb we \u00abOcean Extre\u00adme\u00bb at\u00adly \u00fc\u00e7 g\u00f6r\u00adn\u00fc\u015f\u00adli\u00adsi\u00adni k\u00f6p\u00ad\u00e7\u00fc\u00adlik\u00adle\u00ad\u00fdin \u00f6n\u00add\u00fcr\u00admek g\u00f6z \u00f6\u0148\u00fcn\u00adde tu\u00adtul\u00ad\u00fdar. Il\u00adkin\u00adji ulag 2022-nji \u00fdy\u00adly\u0148 no\u00ad\u00fdab\u00adryn\u00adda Awst\u00adri\u00ad\u00fda\u00adny\u0148 Graz \u015f\u00e4\u00adhe\u00adrin\u00add\u00e4\u00adki \u00abMag\u00adna Steyr\u00bb kom\u00adpa\u00adni\u00ad\u00fda\u00adsy\u00adny\u0148 za\u00adwo\u00addyn\u00adda \u00f6n\u00add\u00fc\u00adri\u00adlip ba\u015f\u00adla\u00adnar. Ulag bir ge\u00adzek\u00adki zar\u00ad\u00fda\u00addy bi\u00adlen 530 ki\u00adlo\u00admet\u00adre \u00e7en\u00adli \u00fdol ge\u00ad\u00e7er. Ula\u00adgy\u0148 \u00fdo\u00adkar\u00adsy\u00adna \u00fder\u00adle\u015f\u00addi\u00adri\u00adlen G\u00fcn pa\u00adne\u00adli ula\u00adgy\u0148 has uzak ara\u00adly\u00adga git\u00adme\u00adgi\u00adne m\u00fcm\u00adkin\u00ad\u00e7i\u00adlik be\u00adrer.<\/p>\n<p style=\"text-align: right;\"><strong>Mu\u00adrat\u00adjan JO\u00adRA\u00adKU\u00adLY\u00ad\u00ddEW, <\/strong><br \/>\n<strong>S.A.Ny\u00ad\u00fda\u00adzow adyn\u00adda\u00adky T\u00fcrk\u00admen oba ho\u00adja\u00adlyk uni\u00adwer\u00adsi\u00adte\u00adti\u00adni\u0148 mu\u00adgal\u00adly\u00admy.<\/strong><\/p>\n","protected":false},"excerpt":{"rendered":"<p>AB\u015e-ny\u0148 \u00abFis\u00adker\u00bb kom\u00adpa\u00adni\u00ad\u00fda\u00adsy \u00ab\u00fda\u00ad\u015fyl\u00bb aw\u00adtou\u00adlag \u00f6n\u00fcm\u00ad\u00e7i\u00adli\u00adgi\u00adne ba\u015f\u00adga\u00ad\u00e7a \u00e7e\u00adme\u00adle\u015f\u00ad\u00fd\u00e4r. Kom\u00adpa\u00adni\u00ad\u00fda \u00abFis\u00adker Ocean\u00bb at\u00adly il\u00adkin\u00adji ula\u00adgy\u00adny k\u00f6p\u00ad\u00e7\u00fc\u00adli\u00adge g\u00f6r\u00adkez\u00addi. Da\u00adni\u00ad\u00fda\u00adly Hen\u00adrik Fis\u00adke\u00adri\u0148 2016-njy \u00fdyl\u00adda esas\u00adlan\u00addy\u00adr\u00adan kom\u00adpa\u00adni\u00ad\u00fda\u00adsy hem\u00adme\u00adler \u00fc\u00e7in el\u00ad\u00fde\u00adter\u00adli bol\u00adjak aw\u00adtou\u00adlag \u00f6n\u00add\u00fcr\u00adme\u00adgi mak\u00adsat edin\u00ad\u00fd\u00e4r. Los-An\u00adje\u00adles\u00adde ta\u00adny\u015f\u00addy\u00adry\u00adlan ula\u00adgy\u0148 i\u00e7\u00adki di\u00adza\u00fd\u00adny tu\u00adtu\u015f\u00adly\u00adgy\u00adna \u00f6s\u00fcm\u00adlik\u00adler\u00adden \u00fda-da ozal ula\u00adny\u00adlan ma\u00adte\u00adri\u00adal\u00adlar\u00addan \u00fda\u00adsa\u00adlyp\u00addyr. Otur\u00adgy\u00e7 \u00fc\u00e7in ni\u00ad\u00fdet\u00adle\u00adnen ha\u00adly\u00adlar ba\u00adlyk\u00ad\u00e7y\u00adla\u00adry\u0148 ze\u00adper \u00fde\u00adten tor\u00adla\u00adryn\u00addan we ozal ge\u00fd\u00adlen egin-e\u015fik\u00adler\u00adden [&hellip;]<\/p>\n","protected":false},"author":2,"featured_media":51744,"comment_status":"open","ping_status":"closed","sticky":false,"template":"","format":"status","meta":{"footnotes":""},"categories":[5],"tags":[],"acf":[],"_links":{"self":[{"href":"https:\/\/zamanturkmenistan.com.tm\/index.php?rest_route=\/wp\/v2\/posts\/51741"}],"collection":[{"href":"https:\/\/zamanturkmenistan.com.tm\/index.php?rest_route=\/wp\/v2\/posts"}],"about":[{"href":"https:\/\/zamanturkmenistan.com.tm\/index.php?rest_route=\/wp\/v2\/types\/post"}],"author":[{"embeddable":true,"href":"https:\/\/zamanturkmenistan.com.tm\/index.php?rest_route=\/wp\/v2\/users\/2"}],"replies":[{"embeddable":true,"href":"https:\/\/zamanturkmenistan.com.tm\/index.php?rest_route=%2Fwp%2Fv2%2Fcomments&post=51741"}],"version-history":[{"count":0,"href":"https:\/\/zamanturkmenistan.com.tm\/index.php?rest_route=\/wp\/v2\/posts\/51741\/revisions"}],"wp:featuredmedia":[{"embeddable":true,"href":"https:\/\/zamanturkmenistan.com.tm\/index.php?rest_route=\/wp\/v2\/media\/51744"}],"wp:attachment":[{"href":"https:\/\/zamanturkmenistan.com.tm\/index.php?rest_route=%2Fwp%2Fv2%2Fmedia&parent=51741"}],"wp:term":[{"taxonomy":"category","embeddable":true,"href":"https:\/\/zamanturkmenistan.com.tm\/index.php?rest_route=%2Fwp%2Fv2%2Fcategories&post=51741"},{"taxonomy":"post_tag","embeddable":true,"href":"https:\/\/zamanturkmenistan.com.tm\/index.php?rest_route=%2Fwp%2Fv2%2Ftags&post=51741"}],"curies":[{"name":"wp","href":"https:\/\/api.w.org\/{rel}","templated":true}]}}