{"id":52271,"date":"2021-12-06T09:56:12","date_gmt":"2021-12-06T04:56:12","guid":{"rendered":"https:\/\/zamanturkmenistan.com.tm\/?p=52271"},"modified":"2021-12-06T09:56:12","modified_gmt":"2021-12-06T04:56:12","slug":"erkin-demokratlar-yolysyk-koalisiyasy-taslamasyny-goldadylar","status":"publish","type":"post","link":"https:\/\/zamanturkmenistan.com.tm\/?p=52271","title":{"rendered":"Erkin demokratlar \u201c\u00fdoly\u015fyk koalisi\u00fdasy\u201d taslamasyny goldadylar"},"content":{"rendered":"<p>Germani\u00fdany\u0148 Erkin Demokratik parti\u00fdasyny\u0148 gurulta\u00fdynda Sosial-demokratlar we \u201cSo\u00fduz 90\/ \u00dda\u015fyllar\u201d bilen birlikde t\u00e4ze dolandyry\u015f koalisi\u00fdasyny\u0148 d\u00f6redilmegi tassyklandy. Gurulta\u00fda gatna\u015fan delegatlary\u0148 92%-i \u015fertnama gol \u00e7ekmek \u00fc\u00e7in ses berdi, takmynan, 6%-i gar\u015fy \u00e7ykdy.<\/p>\n<p>\u015eenbe g\u00fcni, sy\u00fdasy bilele\u015figi\u0148 taslamasy Germani\u00fdany\u0148 Sosial-demokratik parti\u00fdasyny\u0148 (SPD) gurulta\u00fdyna gatna\u015fyjylary\u0148, takmynan, 100% -i tarapyndan goldanylyp, \u015fertnama la\u00fdyklykda, Olaf \u015eols Germani\u00fdany\u0148 t\u00e4ze kansleri bolar.<\/p>\n<p>Koalisi\u00fda \u015fertnamasy Sosial-demokratik parti\u00fdasy we Erkin demokratik parti\u00fdasyndan so\u0148 \u201cSo\u00fduz 90\/ \u00dda\u015fyllar\u201d tarapyndan garalmaly. Gurulta\u00fd du\u015fenbe g\u00fcn\u00fcne bellenip, si\u015fenbe g\u00fcni me\u00fdilnama la\u00fdyklykda, \u015fertnamany\u0148 gutarnykly gol \u00e7ekilmegine gara\u015fyl\u00fdar.<\/p>\n<p>8-nji dekabrda \u015eolsu\u0148 kansler wezipesine bellenilmegi barada ses beri\u015flik me\u00fdille\u015fdiril\u00fd\u00e4r. Olaf \u015eols bu wezipede 16 \u00fdyldan gowrak wagt b\u00e4ri h\u00f6k\u00fcmete \u00fdolba\u015f\u00e7ylyk ed\u00fd\u00e4n Angela Merkeli\u0148 ornuny tutmaly.<\/p>\n<p>Bu koalisi\u00fda \u00fc\u00e7 parti\u00fdany\u0148 ny\u015fanlaryny\u0148 re\u0148klerine g\u00f6r\u00e4, \u201c\u00fdoly\u015fyk\u201d di\u00fdlip atlandyryldy.<\/p>\n","protected":false},"excerpt":{"rendered":"<p>Germani\u00fdany\u0148 Erkin Demokratik parti\u00fdasyny\u0148 gurulta\u00fdynda Sosial-demokratlar we \u201cSo\u00fduz 90\/ \u00dda\u015fyllar\u201d bilen birlikde t\u00e4ze dolandyry\u015f koalisi\u00fdasyny\u0148 d\u00f6redilmegi tassyklandy. Gurulta\u00fda gatna\u015fan delegatlary\u0148 92%-i \u015fertnama gol \u00e7ekmek \u00fc\u00e7in ses berdi, takmynan, 6%-i gar\u015fy \u00e7ykdy. \u015eenbe g\u00fcni, sy\u00fdasy bilele\u015figi\u0148 taslamasy Germani\u00fdany\u0148 Sosial-demokratik parti\u00fdasyny\u0148 (SPD) gurulta\u00fdyna gatna\u015fyjylary\u0148, takmynan, 100% -i tarapyndan goldanylyp, \u015fertnama la\u00fdyklykda, Olaf \u015eols Germani\u00fdany\u0148 t\u00e4ze kansleri bolar. [&hellip;]<\/p>\n","protected":false},"author":2,"featured_media":52272,"comment_status":"open","ping_status":"closed","sticky":false,"template":"","format":"standard","meta":{"footnotes":""},"categories":[5],"tags":[2664],"acf":[],"_links":{"self":[{"href":"https:\/\/zamanturkmenistan.com.tm\/index.php?rest_route=\/wp\/v2\/posts\/52271"}],"collection":[{"href":"https:\/\/zamanturkmenistan.com.tm\/index.php?rest_route=\/wp\/v2\/posts"}],"about":[{"href":"https:\/\/zamanturkmenistan.com.tm\/index.php?rest_route=\/wp\/v2\/types\/post"}],"author":[{"embeddable":true,"href":"https:\/\/zamanturkmenistan.com.tm\/index.php?rest_route=\/wp\/v2\/users\/2"}],"replies":[{"embeddable":true,"href":"https:\/\/zamanturkmenistan.com.tm\/index.php?rest_route=%2Fwp%2Fv2%2Fcomments&post=52271"}],"version-history":[{"count":0,"href":"https:\/\/zamanturkmenistan.com.tm\/index.php?rest_route=\/wp\/v2\/posts\/52271\/revisions"}],"wp:featuredmedia":[{"embeddable":true,"href":"https:\/\/zamanturkmenistan.com.tm\/index.php?rest_route=\/wp\/v2\/media\/52272"}],"wp:attachment":[{"href":"https:\/\/zamanturkmenistan.com.tm\/index.php?rest_route=%2Fwp%2Fv2%2Fmedia&parent=52271"}],"wp:term":[{"taxonomy":"category","embeddable":true,"href":"https:\/\/zamanturkmenistan.com.tm\/index.php?rest_route=%2Fwp%2Fv2%2Fcategories&post=52271"},{"taxonomy":"post_tag","embeddable":true,"href":"https:\/\/zamanturkmenistan.com.tm\/index.php?rest_route=%2Fwp%2Fv2%2Ftags&post=52271"}],"curies":[{"name":"wp","href":"https:\/\/api.w.org\/{rel}","templated":true}]}}