{"id":52274,"date":"2021-12-06T10:51:05","date_gmt":"2021-12-06T05:51:05","guid":{"rendered":"https:\/\/zamanturkmenistan.com.tm\/?p=52274"},"modified":"2021-12-06T17:27:58","modified_gmt":"2021-12-06T12:27:58","slug":"putin-nuy-dela-sapar-edyar","status":"publish","type":"post","link":"https:\/\/zamanturkmenistan.com.tm\/?p=52274","title":{"rendered":"Putin N\u00fdu-Del\u00e4 sapar ed\u00fd\u00e4r"},"content":{"rendered":"<p>Russi\u00fdany\u0148 Prezidenti Wladimir Putini\u0148 \u015fu g\u00fcn \u2013 6-njy dekabrda Hindistana resmi sapary ba\u015flan\u00fdar. \u201cIki \u00fdurdu\u0148 arasyndaky a\u00fdratyn strategik hyzmatda\u015flyk\u201d Hindistany\u0148 Prem\u00fder-ministri Narendra Modi bilen ge\u00e7iriljek geple\u015fikleri\u0148 g\u00fcn tertibine giriziljekdigi habar\u00a0 beril\u00fd\u00e4r.<\/p>\n<p>Moskwany\u0148 \u201cKarnegi\u201d merkezini\u0148 bilermeni Aleksandr Gabu\u00fdew Hindistany\u0148 Moskwa \u00fc\u00e7in a\u00fdratyn \u00e4hmi\u00fdete e\u00fdedigini bell\u00e4p, \u015fe\u00fdle di\u00fddi:<\/p>\n<p>-H\u00e4zirki wagtda Russi\u00fda \u00fcmz\u00fcgini g\u00fcndogara tarap \u00f6w\u00fcr\u00fd\u00e4r. Hyta\u00fd bilen hyzmatda\u015flygy barha gi\u0148e\u00fd\u00e4r. Russi\u00fda Azi\u00fda-\u00dduwa\u015f ummany sebitind\u00e4ki m\u00fcmkin\u00e7iliklerini diwersifikasi\u00fda etmegi me\u00fdille\u015fdir\u00fd\u00e4r. Hindistan onlar\u00e7a \u00fdyl b\u00e4ri Russi\u00fdany\u0148 \u00f6\u0148den gel\u00fd\u00e4n hyzmatda\u015fydyr. Meni\u0148 pikirim\u00e7e, bu \u00fd\u00fczbe-\u00fd\u00fcz sammit, Wladimir Putini\u0148 Hindistan bilen gatna\u015fyklara &#8211; Azi\u00fda sy\u00fdasatyna has k\u00f6p \u00e4hmi\u00fdet ber\u00fd\u00e4ndigini g\u00f6rkez\u00fd\u00e4n subutnamadyr.<\/p>\n<p>Wladimir Putin we Narendra Modi yzygiderli du\u015fu\u015f\u00fdarlar. Bu sapar her \u00fdylda ge\u00e7iril\u00fd\u00e4n 21-nji Hindistan-Russi\u00fda sammitine gabat gel\u00fd\u00e4r. Russi\u00fdany\u0148 da\u015fary i\u015fler we goranmak ministrleri Putin bilen N\u00fdu-Del\u00e4 gidip, goranmak, halkara hyzmatda\u015flygy we sebit sy\u00fdasaty barada 2+2 geple\u015fik ge\u00e7irerler.<\/p>\n","protected":false},"excerpt":{"rendered":"<p>Russi\u00fdany\u0148 Prezidenti Wladimir Putini\u0148 \u015fu g\u00fcn \u2013 6-njy dekabrda Hindistana resmi sapary ba\u015flan\u00fdar. \u201cIki \u00fdurdu\u0148 arasyndaky a\u00fdratyn strategik hyzmatda\u015flyk\u201d Hindistany\u0148 Prem\u00fder-ministri Narendra Modi bilen ge\u00e7iriljek geple\u015fikleri\u0148 g\u00fcn tertibine giriziljekdigi habar\u00a0 beril\u00fd\u00e4r. Moskwany\u0148 \u201cKarnegi\u201d merkezini\u0148 bilermeni Aleksandr Gabu\u00fdew Hindistany\u0148 Moskwa \u00fc\u00e7in a\u00fdratyn \u00e4hmi\u00fdete e\u00fdedigini bell\u00e4p, \u015fe\u00fdle di\u00fddi: -H\u00e4zirki wagtda Russi\u00fda \u00fcmz\u00fcgini g\u00fcndogara tarap \u00f6w\u00fcr\u00fd\u00e4r. Hyta\u00fd bilen [&hellip;]<\/p>\n","protected":false},"author":2,"featured_media":52275,"comment_status":"open","ping_status":"closed","sticky":false,"template":"","format":"standard","meta":{"footnotes":""},"categories":[5],"tags":[],"acf":[],"_links":{"self":[{"href":"https:\/\/zamanturkmenistan.com.tm\/index.php?rest_route=\/wp\/v2\/posts\/52274"}],"collection":[{"href":"https:\/\/zamanturkmenistan.com.tm\/index.php?rest_route=\/wp\/v2\/posts"}],"about":[{"href":"https:\/\/zamanturkmenistan.com.tm\/index.php?rest_route=\/wp\/v2\/types\/post"}],"author":[{"embeddable":true,"href":"https:\/\/zamanturkmenistan.com.tm\/index.php?rest_route=\/wp\/v2\/users\/2"}],"replies":[{"embeddable":true,"href":"https:\/\/zamanturkmenistan.com.tm\/index.php?rest_route=%2Fwp%2Fv2%2Fcomments&post=52274"}],"version-history":[{"count":0,"href":"https:\/\/zamanturkmenistan.com.tm\/index.php?rest_route=\/wp\/v2\/posts\/52274\/revisions"}],"wp:featuredmedia":[{"embeddable":true,"href":"https:\/\/zamanturkmenistan.com.tm\/index.php?rest_route=\/wp\/v2\/media\/52275"}],"wp:attachment":[{"href":"https:\/\/zamanturkmenistan.com.tm\/index.php?rest_route=%2Fwp%2Fv2%2Fmedia&parent=52274"}],"wp:term":[{"taxonomy":"category","embeddable":true,"href":"https:\/\/zamanturkmenistan.com.tm\/index.php?rest_route=%2Fwp%2Fv2%2Fcategories&post=52274"},{"taxonomy":"post_tag","embeddable":true,"href":"https:\/\/zamanturkmenistan.com.tm\/index.php?rest_route=%2Fwp%2Fv2%2Ftags&post=52274"}],"curies":[{"name":"wp","href":"https:\/\/api.w.org\/{rel}","templated":true}]}}