{"id":52287,"date":"2021-12-06T12:04:53","date_gmt":"2021-12-06T07:04:53","guid":{"rendered":"https:\/\/zamanturkmenistan.com.tm\/?p=52287"},"modified":"2021-12-06T12:04:53","modified_gmt":"2021-12-06T07:04:53","slug":"23-nji-butindunya-nebit-kongresi-hyustonda-baslady","status":"publish","type":"post","link":"https:\/\/zamanturkmenistan.com.tm\/?p=52287","title":{"rendered":"23-nji B\u00fctind\u00fcn\u00fd\u00e4 Nebit kongresi H\u00fdustonda ba\u015flady"},"content":{"rendered":"<p>Nebitgaz pudagynda i\u0148 uly we t\u00e4sirli wakalardan biri bolan 23-nji B\u00fctind\u00fcn\u00fd\u00e4 Nebit kongresi (WPC) 6-njy dekabrda &#8211; \u015fu g\u00fcn AB\u015e-ny\u0148 H\u00fduston \u015f\u00e4herinde ba\u015flandy.<\/p>\n<p>Forum 5-nji dekabrdan 9-njy dekabr aralygynda dowam edip, 70 \u00fdurtdan 5 m\u00fc\u0148den gowrak wekili, \u015fol sanda, i\u0148 iri \u00fd\u00f6ritele\u015fdirilen kompani\u00fdalary\u0148 \u00fdolba\u015f\u00e7ylaryny, ministrleri we bilermenleri bi \u00fdere jemledi. Ba\u00fd i\u015f me\u00fdilnamasy kongrese gatna\u015fyjylara d\u00fcn\u00fd\u00e4ni\u0148 energi\u00fda pudagyny\u0148 mundan be\u00fdl\u00e4k-de \u00f6sd\u00fcrilmegini\u0148 meselelerini ara alyp maslahatla\u015fmaga gi\u0148 m\u00fcmkin\u00e7ilik d\u00f6reder.<\/p>\n<p>Kongresi\u0148 a\u00e7yly\u015f dabarasynda gurama\u00e7ylyk komitetini\u0148 ba\u015flygy Jeff \u015eellebarger bu \u00e7\u00e4r\u00e4ni\u0148 gatna\u015fyjylara gyzyklanmalary\u0148 we \u00e7emele\u015fmeleri\u0148 tapawudyna garamazdan, global energi\u00fda howpsuzlygy babatdaky gara\u00fdy\u015flaryny birle\u015fdirm\u00e4ge we pudagy\u0148 \u00f6\u0148\u00fcnde dur\u00fdan be\u00fdleki kyn\u00e7ylyklary ara alyp maslahatla\u015fmaga m\u00fcmkin\u00e7ilik d\u00f6retjekdigini a\u00fdtdy.<\/p>\n<p>B\u00fctind\u00fcn\u00fd\u00e4 nebit kongresi so\u0148ky 20 \u00fdylda ilkinji gezek AB\u015e-da ge\u00e7iril\u00fd\u00e4r. Bu gezek hem \u00fdygy-\u00fdygydan \u201cd\u00fcn\u00fd\u00e4ni\u0148 energi\u00fda pa\u00fdtagty\u201d di\u00fdlip atlandyryl\u00fdan H\u00fduston sa\u00fdlandy. \u015e\u00e4herde \u00fd\u00fczler\u00e7e nebit we gaz kompani\u00fdasyny\u0148 mekanydyr. Mundan ba\u015fga-da, esasan, H\u00fduston portuny\u0148 \u00fcsti bilen energi\u00fda g\u00f6terijileri d\u00fcn\u00fd\u00e4ni\u0148 \u00e7ar k\u00fcnjegine da\u015fal\u00fdar.<\/p>\n<p>Umuman a\u00fddany\u0148da, B\u00fctind\u00fcn\u00fd\u00e4 nebit kongresi AB\u015e-ny\u0148 taryhynda \u00fc\u00e7 gezek &#8211; bir gezek Wankuerde, iki gezek hem H\u00fdustonda ge\u00e7irildi.<\/p>\n","protected":false},"excerpt":{"rendered":"<p>Nebitgaz pudagynda i\u0148 uly we t\u00e4sirli wakalardan biri bolan 23-nji B\u00fctind\u00fcn\u00fd\u00e4 Nebit kongresi (WPC) 6-njy dekabrda &#8211; \u015fu g\u00fcn AB\u015e-ny\u0148 H\u00fduston \u015f\u00e4herinde ba\u015flandy. Forum 5-nji dekabrdan 9-njy dekabr aralygynda dowam edip, 70 \u00fdurtdan 5 m\u00fc\u0148den gowrak wekili, \u015fol sanda, i\u0148 iri \u00fd\u00f6ritele\u015fdirilen kompani\u00fdalary\u0148 \u00fdolba\u015f\u00e7ylaryny, ministrleri we bilermenleri bi \u00fdere jemledi. Ba\u00fd i\u015f me\u00fdilnamasy kongrese gatna\u015fyjylara [&hellip;]<\/p>\n","protected":false},"author":2,"featured_media":52288,"comment_status":"open","ping_status":"closed","sticky":false,"template":"","format":"standard","meta":{"footnotes":""},"categories":[5],"tags":[2666],"acf":[],"_links":{"self":[{"href":"https:\/\/zamanturkmenistan.com.tm\/index.php?rest_route=\/wp\/v2\/posts\/52287"}],"collection":[{"href":"https:\/\/zamanturkmenistan.com.tm\/index.php?rest_route=\/wp\/v2\/posts"}],"about":[{"href":"https:\/\/zamanturkmenistan.com.tm\/index.php?rest_route=\/wp\/v2\/types\/post"}],"author":[{"embeddable":true,"href":"https:\/\/zamanturkmenistan.com.tm\/index.php?rest_route=\/wp\/v2\/users\/2"}],"replies":[{"embeddable":true,"href":"https:\/\/zamanturkmenistan.com.tm\/index.php?rest_route=%2Fwp%2Fv2%2Fcomments&post=52287"}],"version-history":[{"count":0,"href":"https:\/\/zamanturkmenistan.com.tm\/index.php?rest_route=\/wp\/v2\/posts\/52287\/revisions"}],"wp:featuredmedia":[{"embeddable":true,"href":"https:\/\/zamanturkmenistan.com.tm\/index.php?rest_route=\/wp\/v2\/media\/52288"}],"wp:attachment":[{"href":"https:\/\/zamanturkmenistan.com.tm\/index.php?rest_route=%2Fwp%2Fv2%2Fmedia&parent=52287"}],"wp:term":[{"taxonomy":"category","embeddable":true,"href":"https:\/\/zamanturkmenistan.com.tm\/index.php?rest_route=%2Fwp%2Fv2%2Fcategories&post=52287"},{"taxonomy":"post_tag","embeddable":true,"href":"https:\/\/zamanturkmenistan.com.tm\/index.php?rest_route=%2Fwp%2Fv2%2Ftags&post=52287"}],"curies":[{"name":"wp","href":"https:\/\/api.w.org\/{rel}","templated":true}]}}