{"id":52421,"date":"2021-12-08T15:46:37","date_gmt":"2021-12-08T10:46:37","guid":{"rendered":"https:\/\/zamanturkmenistan.com.tm\/?p=52421"},"modified":"2021-12-08T16:10:14","modified_gmt":"2021-12-08T11:10:14","slug":"germaniyada-hokumet-baslygy-resmi-yagdayda-saylandy","status":"publish","type":"post","link":"https:\/\/zamanturkmenistan.com.tm\/?p=52421","title":{"rendered":"Germani\u00fdada h\u00f6k\u00fcmet ba\u015flygy resmi \u00fdagda\u00fdda sa\u00fdlandy"},"content":{"rendered":"<p>Germani\u00fdany\u0148 Federal Mejlisind\u00e4ki ses berli\u015fikde Sos\u00fdal-demokrat parti\u00fdany\u0148 deputaty we ozalky mali\u00fde ministri Olaf \u015eols h\u00f6k\u00fcmet ba\u015flygy wezipesine sa\u00fdlandy. \u015eolz birinji tapgyrda \u00fdeterlik derejede ses almagy ba\u015fardy. \u015eolsa ses berli\u015fige gatna\u015fan 707 deputaty\u0148 395-si ses berdi. 303 deputat onu\u0148 wezipesini goldamady, 6 deputat saklandy, 3 ses hasap edilmedi. \u015ee\u00fdlelikde 63 \u00fda\u015fly \u015eols Prezident rezidensi\u00fdasy \u201cBellevue\u201d k\u00f6\u015fg\u00fcne gidip, Prezident Frank-Ualter \u015eta\u00fdnma\u00fderden bu wezip\u00e4 bellenendigi baradaky resminamany alar we Federal mejlise gelip, kasam kabul eder.<\/p>\n<p>Wezipe m\u00f6hleti tamamlanan Angela Merkel deputat bolmandygy \u00fc\u00e7in ses berli\u015fige tribunadan toma\u015fa etdi.<\/p>\n<p><img decoding=\"async\" loading=\"lazy\" class=\" wp-image-52429 aligncenter\" src=\"https:\/\/zamanturkmenistan.com.tm\/wp-content\/uploads\/2021\/12\/olaf-scholz-angela-merkel-300x199.jpg\" alt=\"\" width=\"375\" height=\"249\" srcset=\"https:\/\/zamanturkmenistan.com.tm\/wp-content\/uploads\/2021\/12\/olaf-scholz-angela-merkel-300x199.jpg 300w, https:\/\/zamanturkmenistan.com.tm\/wp-content\/uploads\/2021\/12\/olaf-scholz-angela-merkel-632x420.jpg 632w, https:\/\/zamanturkmenistan.com.tm\/wp-content\/uploads\/2021\/12\/olaf-scholz-angela-merkel.jpg 673w\" sizes=\"(max-width: 375px) 100vw, 375px\" \/><\/p>\n","protected":false},"excerpt":{"rendered":"<p>Germani\u00fdany\u0148 Federal Mejlisind\u00e4ki ses berli\u015fikde Sos\u00fdal-demokrat parti\u00fdany\u0148 deputaty we ozalky mali\u00fde ministri Olaf \u015eols h\u00f6k\u00fcmet ba\u015flygy wezipesine sa\u00fdlandy. \u015eolz birinji tapgyrda \u00fdeterlik derejede ses almagy ba\u015fardy. \u015eolsa ses berli\u015fige gatna\u015fan 707 deputaty\u0148 395-si ses berdi. 303 deputat onu\u0148 wezipesini goldamady, 6 deputat saklandy, 3 ses hasap edilmedi. \u015ee\u00fdlelikde 63 \u00fda\u015fly \u015eols Prezident rezidensi\u00fdasy \u201cBellevue\u201d k\u00f6\u015fg\u00fcne [&hellip;]<\/p>\n","protected":false},"author":2,"featured_media":52428,"comment_status":"open","ping_status":"closed","sticky":false,"template":"","format":"standard","meta":{"footnotes":""},"categories":[5],"tags":[],"acf":[],"_links":{"self":[{"href":"https:\/\/zamanturkmenistan.com.tm\/index.php?rest_route=\/wp\/v2\/posts\/52421"}],"collection":[{"href":"https:\/\/zamanturkmenistan.com.tm\/index.php?rest_route=\/wp\/v2\/posts"}],"about":[{"href":"https:\/\/zamanturkmenistan.com.tm\/index.php?rest_route=\/wp\/v2\/types\/post"}],"author":[{"embeddable":true,"href":"https:\/\/zamanturkmenistan.com.tm\/index.php?rest_route=\/wp\/v2\/users\/2"}],"replies":[{"embeddable":true,"href":"https:\/\/zamanturkmenistan.com.tm\/index.php?rest_route=%2Fwp%2Fv2%2Fcomments&post=52421"}],"version-history":[{"count":0,"href":"https:\/\/zamanturkmenistan.com.tm\/index.php?rest_route=\/wp\/v2\/posts\/52421\/revisions"}],"wp:featuredmedia":[{"embeddable":true,"href":"https:\/\/zamanturkmenistan.com.tm\/index.php?rest_route=\/wp\/v2\/media\/52428"}],"wp:attachment":[{"href":"https:\/\/zamanturkmenistan.com.tm\/index.php?rest_route=%2Fwp%2Fv2%2Fmedia&parent=52421"}],"wp:term":[{"taxonomy":"category","embeddable":true,"href":"https:\/\/zamanturkmenistan.com.tm\/index.php?rest_route=%2Fwp%2Fv2%2Fcategories&post=52421"},{"taxonomy":"post_tag","embeddable":true,"href":"https:\/\/zamanturkmenistan.com.tm\/index.php?rest_route=%2Fwp%2Fv2%2Ftags&post=52421"}],"curies":[{"name":"wp","href":"https:\/\/api.w.org\/{rel}","templated":true}]}}