{"id":52457,"date":"2021-12-09T09:23:55","date_gmt":"2021-12-09T04:23:55","guid":{"rendered":"https:\/\/zamanturkmenistan.com.tm\/?p=52457"},"modified":"2021-12-09T09:23:55","modified_gmt":"2021-12-09T04:23:55","slug":"turkmenistanyn-prezidenti-germaniya-federatiw-respublikasynyn-federal-kanslerini-gutlady","status":"publish","type":"post","link":"https:\/\/zamanturkmenistan.com.tm\/?p=52457","title":{"rendered":"T\u00fcrkmenistany\u0148 Prezidenti Germani\u00fda Federatiw Respublikasyny\u0148 Federal Kanslerini gutlady"},"content":{"rendered":"<p>T\u00fcrkmenistany\u0148 Prezidenti Gurbanguly Berdimuhamedow jenap Olaf \u015eolsa Germani\u00fda Federatiw Respublikasyny\u0148 Federal Kansleri wezipesine sa\u00fdlanmagy mynasybetli m\u00e4hirli gutlaglaryny we i\u0148 gowy arzuwlaryny \u00fdollady.<\/p>\n<p>Milli Liderimiz Gutlagynda T\u00fcrkmenistan bilen Germani\u00fda Federatiw Respublikasyny\u0148 arasyndaky gatna\u015fyklary\u0148 de\u0148\u00adhukuklylyk, birek-birege hormat go\u00fdmak we ynany\u015fmak \u00fd\u00f6relgelerine esaslan\u00fdandygyny, bu gatna\u015fyklary\u0148 bilelikd\u00e4ki tagallalary\u0148 netijesinde t\u00e4ze sepgitlere \u00fdetjekdigine ynam bildir\u00fd\u00e4ndigini belledi.<\/p>\n<p>D\u00f6wlet Ba\u015ftutanymyz \u015fu \u00fdakymly m\u00fcmkin\u00e7ilikden pe\u00fddalanyp, Olaf \u015eolsa t\u00fc\u00fds \u00fd\u00fcrekden berk jan saglyk, bagty\u00fdarlyk we abadan\u00e7ylyk hem-de t\u00e4ze wezipesinde \u00fcst\u00fcnlikleri arzuw etdi.<\/p>\n","protected":false},"excerpt":{"rendered":"<p>T\u00fcrkmenistany\u0148 Prezidenti Gurbanguly Berdimuhamedow jenap Olaf \u015eolsa Germani\u00fda Federatiw Respublikasyny\u0148 Federal Kansleri wezipesine sa\u00fdlanmagy mynasybetli m\u00e4hirli gutlaglaryny we i\u0148 gowy arzuwlaryny \u00fdollady. Milli Liderimiz Gutlagynda T\u00fcrkmenistan bilen Germani\u00fda Federatiw Respublikasyny\u0148 arasyndaky gatna\u015fyklary\u0148 de\u0148\u00adhukuklylyk, birek-birege hormat go\u00fdmak we ynany\u015fmak \u00fd\u00f6relgelerine esaslan\u00fdandygyny, bu gatna\u015fyklary\u0148 bilelikd\u00e4ki tagallalary\u0148 netijesinde t\u00e4ze sepgitlere \u00fdetjekdigine ynam bildir\u00fd\u00e4ndigini belledi. D\u00f6wlet Ba\u015ftutanymyz \u015fu \u00fdakymly [&hellip;]<\/p>\n","protected":false},"author":2,"featured_media":52445,"comment_status":"open","ping_status":"closed","sticky":false,"template":"","format":"standard","meta":{"footnotes":""},"categories":[3],"tags":[1866],"acf":[],"_links":{"self":[{"href":"https:\/\/zamanturkmenistan.com.tm\/index.php?rest_route=\/wp\/v2\/posts\/52457"}],"collection":[{"href":"https:\/\/zamanturkmenistan.com.tm\/index.php?rest_route=\/wp\/v2\/posts"}],"about":[{"href":"https:\/\/zamanturkmenistan.com.tm\/index.php?rest_route=\/wp\/v2\/types\/post"}],"author":[{"embeddable":true,"href":"https:\/\/zamanturkmenistan.com.tm\/index.php?rest_route=\/wp\/v2\/users\/2"}],"replies":[{"embeddable":true,"href":"https:\/\/zamanturkmenistan.com.tm\/index.php?rest_route=%2Fwp%2Fv2%2Fcomments&post=52457"}],"version-history":[{"count":0,"href":"https:\/\/zamanturkmenistan.com.tm\/index.php?rest_route=\/wp\/v2\/posts\/52457\/revisions"}],"wp:featuredmedia":[{"embeddable":true,"href":"https:\/\/zamanturkmenistan.com.tm\/index.php?rest_route=\/wp\/v2\/media\/52445"}],"wp:attachment":[{"href":"https:\/\/zamanturkmenistan.com.tm\/index.php?rest_route=%2Fwp%2Fv2%2Fmedia&parent=52457"}],"wp:term":[{"taxonomy":"category","embeddable":true,"href":"https:\/\/zamanturkmenistan.com.tm\/index.php?rest_route=%2Fwp%2Fv2%2Fcategories&post=52457"},{"taxonomy":"post_tag","embeddable":true,"href":"https:\/\/zamanturkmenistan.com.tm\/index.php?rest_route=%2Fwp%2Fv2%2Ftags&post=52457"}],"curies":[{"name":"wp","href":"https:\/\/api.w.org\/{rel}","templated":true}]}}