{"id":52459,"date":"2021-12-09T09:27:47","date_gmt":"2021-12-09T04:27:47","guid":{"rendered":"https:\/\/zamanturkmenistan.com.tm\/?p=52459"},"modified":"2021-12-09T09:27:47","modified_gmt":"2021-12-09T04:27:47","slug":"italiya-merkezi-aziya-duzuminde-ikinji-ministrler-maslahaty-gecirildi","status":"publish","type":"post","link":"https:\/\/zamanturkmenistan.com.tm\/?p=52459","title":{"rendered":"\u201cItali\u00fda-Merkezi Azi\u00fda\u201d d\u00fcz\u00fcminde ikinji ministrler maslahaty ge\u00e7irildi"},"content":{"rendered":"<p>8-nji dekabrda Da\u015fkent \u015f\u00e4herinde \u201cItali\u00fda-Merkezi Azi\u00fda\u201d d\u00fcz\u00fcminde ikinji ministrler maslahaty ge\u00e7irildi.<\/p>\n<p>Gibrid g\u00f6rn\u00fc\u015fde ge\u00e7irilen \u00e7\u00e4r\u00e4 Merkezi Azi\u00fda \u00fdurtlaryny\u0148, Itali\u00fdany\u0148 da\u015fary sy\u00fdasy edaralaryny\u0148 \u00fdolba\u015f\u00e7ylary, \u015fe\u00fdle-de \u00ddewropa Bilele\u015figini\u0148 wekilleri gatna\u015fdy. T\u00fcrkmenistany\u0148 wekili\u00fdetine T\u00fcrkmenistany\u0148 Ministrler Kabinetini\u0148 Ba\u015flygyny\u0148 Orunbasary, Da\u015fary i\u015fler ministri Ra\u015fid Meredow \u00fdolba\u015f\u00e7ylyk etdi.<\/p>\n<p>Maslahaty\u0148 dowamynda wekili\u00fdetleri\u0148 \u00fdolba\u015f\u00e7ylary halkara we sebit g\u00fcn tertibini\u0148 wajyp meseleleri, \u015fol sanda sy\u00fdasat, ykdysady\u00fdet, energetika, ynsanperwer ugurlar bo\u00fdun\u00e7a hyzmatda\u015flygy\u0148 h\u00e4zirki \u00fdagda\u00fdyny we geljekki m\u00fcmkin\u00e7iliklerini ara alyp maslahatla\u015fdylar.<\/p>\n<p>T\u00fcrkmenistany\u0148 Da\u015fary i\u015fler ministri R.Meredow \u00f6z\u00fcni\u0148 sanly wideo\u00fd\u00fczlenmesinde\u00a0\u00fdurtlarymyzy\u0148 d\u00fcn\u00fd\u00e4 sy\u00fdasatyny\u0148 i\u0148 wajyp meseleleri bo\u00fdun\u00e7a pikirlerini\u0148 k\u00f6plen\u00e7 halatda gabat gel\u00fd\u00e4ndigini \u00fda-da me\u0148ze\u015fdigini, hem-de emele gelen k\u00f6ptarapla\u00fdyn dialogy\u0148 parahat\u00e7ylygy we durnuklylygy berkitm\u00e4ge g\u00f6n\u00fckdirilen bolup, parahats\u00f6\u00fd\u00fcjilik we ynany\u015fmak \u00fd\u00f6relgelerine ygrarlydygyny g\u00f6rkez\u00fd\u00e4ndigini belledi.<\/p>\n<p>Tutu\u015f adamzady\u0148 gar\u015fy g\u00f6re\u015f\u00fd\u00e4n t\u00e4ze \u00e4hlumumy wehimleri hakynda a\u00fddanynda, Ministr pandemi\u00fdany\u0148 \u00fdaramaz t\u00e4sirlerine gar\u015fy g\u00f6re\u015fmek bo\u00fdun\u00e7a d\u00fcn\u00fd\u00e4 bilele\u015figini\u0148 utga\u015fdyrylan hereketlerini T\u00fcrkmenistany\u0148 doly golda\u00fdandygyny nygtady. \u015eunu\u0148 bilen baglylykda, bizi\u0148 \u00fdurdumyz alym-lukmanlary\u0148 we bilermenleri\u0148 ulgamla\u00fdyn \u00f6zara gatna\u015fyklary, \u015fol sanda halkara guramalary\u0148 \u00e7\u00e4klerind\u00e4ki gatna\u015fyklary \u00fc\u00e7in gerek bolan \u015fertleri d\u00f6retmek bo\u00fdun\u00e7a ba\u015flangyjy \u00f6\u0148e s\u00fcrdi.<\/p>\n<p>Ekologi\u00fda we da\u015fky gur\u015fawy goramak ugurlary bo\u00fdun\u00e7a k\u00f6ptarapla\u00fdyn hyzmatda\u015flyk barada a\u00fddyp, T\u00fcrkmenistany\u0148 wekili\u00fdetini\u0148 \u00fdolba\u015f\u00e7ysy d\u00f6wletimizi\u0148 \u00f6z\u00fcni\u0148 halkara bor\u00e7namalaryny berja\u00fd etmek maksady bilen howany\u0148 \u00fc\u00fdtgemegi bilen bagly mesel\u00e4 hem durnukly \u00e7emele\u015fm\u00e4ni d\u00f6retmek bo\u00fdun\u00e7a tagallalary alyp bar\u00fdandygyny a\u00fdtdy.<\/p>\n<p>Maslahaty\u0148 \u00e7\u00e4klerinde \u201cItali\u00fda bilen Merkezi Azi\u00fdany\u0148 arasyndaky ylmy hyzmatda\u015flygy\u0148 h\u00e4zirki \u00fdagda\u00fdy we geljekki m\u00fcmkin\u00e7ilikleri\u201d atly tegelek stol hem ge\u00e7irildi.<\/p>\n","protected":false},"excerpt":{"rendered":"<p>8-nji dekabrda Da\u015fkent \u015f\u00e4herinde \u201cItali\u00fda-Merkezi Azi\u00fda\u201d d\u00fcz\u00fcminde ikinji ministrler maslahaty ge\u00e7irildi. Gibrid g\u00f6rn\u00fc\u015fde ge\u00e7irilen \u00e7\u00e4r\u00e4 Merkezi Azi\u00fda \u00fdurtlaryny\u0148, Itali\u00fdany\u0148 da\u015fary sy\u00fdasy edaralaryny\u0148 \u00fdolba\u015f\u00e7ylary, \u015fe\u00fdle-de \u00ddewropa Bilele\u015figini\u0148 wekilleri gatna\u015fdy. T\u00fcrkmenistany\u0148 wekili\u00fdetine T\u00fcrkmenistany\u0148 Ministrler Kabinetini\u0148 Ba\u015flygyny\u0148 Orunbasary, Da\u015fary i\u015fler ministri Ra\u015fid Meredow \u00fdolba\u015f\u00e7ylyk etdi. Maslahaty\u0148 dowamynda wekili\u00fdetleri\u0148 \u00fdolba\u015f\u00e7ylary halkara we sebit g\u00fcn tertibini\u0148 wajyp meseleleri, \u015fol sanda [&hellip;]<\/p>\n","protected":false},"author":2,"featured_media":52460,"comment_status":"open","ping_status":"closed","sticky":false,"template":"","format":"standard","meta":{"footnotes":""},"categories":[3],"tags":[],"acf":[],"_links":{"self":[{"href":"https:\/\/zamanturkmenistan.com.tm\/index.php?rest_route=\/wp\/v2\/posts\/52459"}],"collection":[{"href":"https:\/\/zamanturkmenistan.com.tm\/index.php?rest_route=\/wp\/v2\/posts"}],"about":[{"href":"https:\/\/zamanturkmenistan.com.tm\/index.php?rest_route=\/wp\/v2\/types\/post"}],"author":[{"embeddable":true,"href":"https:\/\/zamanturkmenistan.com.tm\/index.php?rest_route=\/wp\/v2\/users\/2"}],"replies":[{"embeddable":true,"href":"https:\/\/zamanturkmenistan.com.tm\/index.php?rest_route=%2Fwp%2Fv2%2Fcomments&post=52459"}],"version-history":[{"count":0,"href":"https:\/\/zamanturkmenistan.com.tm\/index.php?rest_route=\/wp\/v2\/posts\/52459\/revisions"}],"wp:featuredmedia":[{"embeddable":true,"href":"https:\/\/zamanturkmenistan.com.tm\/index.php?rest_route=\/wp\/v2\/media\/52460"}],"wp:attachment":[{"href":"https:\/\/zamanturkmenistan.com.tm\/index.php?rest_route=%2Fwp%2Fv2%2Fmedia&parent=52459"}],"wp:term":[{"taxonomy":"category","embeddable":true,"href":"https:\/\/zamanturkmenistan.com.tm\/index.php?rest_route=%2Fwp%2Fv2%2Fcategories&post=52459"},{"taxonomy":"post_tag","embeddable":true,"href":"https:\/\/zamanturkmenistan.com.tm\/index.php?rest_route=%2Fwp%2Fv2%2Ftags&post=52459"}],"curies":[{"name":"wp","href":"https:\/\/api.w.org\/{rel}","templated":true}]}}