{"id":5260,"date":"2017-01-14T04:39:35","date_gmt":"2017-01-14T04:39:35","guid":{"rendered":"http:\/\/zamanturkmenistan.com\/?p=5260"},"modified":"2017-01-19T06:20:11","modified_gmt":"2017-01-19T06:20:11","slug":"fi%c2%adfa-hem-ro%c2%adnal%c2%addo%c2%adny-say%c2%adla%c2%addy","status":"publish","type":"post","link":"https:\/\/zamanturkmenistan.com.tm\/?p=5260","title":{"rendered":"FI\u00adFA hem  Ro\u00adnal\u00addo\u00adny sa\u00fd\u00adla\u00addy"},"content":{"rendered":"<p>\u201cRe\u00adal Mad\u00adri\u00addi\u0148\u201d su\u00adper \u00fdyl\u00addy\u00adzy Kris\u00adtia\u00adno Ro\u00adnal\u00addo \u201cAl\u00adtyn top\u00addan\u201d so\u0148, FI\u00adFA ta\u00adra\u00adpyn\u00addan gow\u00ad\u015fu\u00adryl\u00ad\u00fdan \u201c\u00ddy\u00adly\u0148 i\u0148 go\u00adwy fut\u00adbol\u00ad\u00e7y\u00adsy\u201d ba\u00fd\u00adra\u00adgy\u00adna-da my\u00adna\u00adsyp bol\u00addy. \u015ewe\u00fd\u00adsa\u00adri\u00ad\u00fda\u00adny\u0148 S\u00fc\u00adrih \u015f\u00e4\u00adhe\u00adrin\u00adde ge\u00ad\u00e7i\u00adri\u00adlen \u00e7\u00e4\u00adre\u00adde ol sy\u00adla\u00adgy\u00adny FI\u00adFA-ny\u0148 pre\u00adzi\u00adden\u00adti Ji\u00adan\u00adni In\u00adfan\u00adti\u00adno\u00adny\u0148 elin\u00adden al\u00addy. Ol bu ugur\u00adda \u201cbar\u00adse\u00adlo\u00adna\u00adly\u201d Lio\u00adnel Mes\u00adsiden hem-de \u201cat\u00adle\u00adti\u00adko\u00adly\u201d An\u00adtu\u00adan Griz\u00admanndan \u00f6\u0148e sa\u00fd\u00adlan\u00adma\u00adgy ba\u00ad\u015far\u00addy.<\/p>\n","protected":false},"excerpt":{"rendered":"<p>\u201cRe\u00adal Mad\u00adri\u00addi\u0148\u201d su\u00adper \u00fdyl\u00addy\u00adzy Kris\u00adtia\u00adno Ro\u00adnal\u00addo \u201cAl\u00adtyn top\u00addan\u201d so\u0148, FI\u00adFA ta\u00adra\u00adpyn\u00addan gow\u00ad\u015fu\u00adryl\u00ad\u00fdan \u201c\u00ddy\u00adly\u0148 i\u0148 go\u00adwy fut\u00adbol\u00ad\u00e7y\u00adsy\u201d ba\u00fd\u00adra\u00adgy\u00adna-da my\u00adna\u00adsyp bol\u00addy. \u015ewe\u00fd\u00adsa\u00adri\u00ad\u00fda\u00adny\u0148 S\u00fc\u00adrih \u015f\u00e4\u00adhe\u00adrin\u00adde ge\u00ad\u00e7i\u00adri\u00adlen \u00e7\u00e4\u00adre\u00adde ol sy\u00adla\u00adgy\u00adny FI\u00adFA-ny\u0148 pre\u00adzi\u00adden\u00adti Ji\u00adan\u00adni In\u00adfan\u00adti\u00adno\u00adny\u0148 elin\u00adden al\u00addy. Ol bu ugur\u00adda \u201cbar\u00adse\u00adlo\u00adna\u00adly\u201d Lio\u00adnel Mes\u00adsiden hem-de \u201cat\u00adle\u00adti\u00adko\u00adly\u201d An\u00adtu\u00adan Griz\u00admanndan \u00f6\u0148e sa\u00fd\u00adlan\u00adma\u00adgy ba\u00ad\u015far\u00addy.<\/p>\n","protected":false},"author":1,"featured_media":5261,"comment_status":"open","ping_status":"closed","sticky":false,"template":"","format":"standard","meta":{"footnotes":""},"categories":[3],"tags":[],"acf":[],"_links":{"self":[{"href":"https:\/\/zamanturkmenistan.com.tm\/index.php?rest_route=\/wp\/v2\/posts\/5260"}],"collection":[{"href":"https:\/\/zamanturkmenistan.com.tm\/index.php?rest_route=\/wp\/v2\/posts"}],"about":[{"href":"https:\/\/zamanturkmenistan.com.tm\/index.php?rest_route=\/wp\/v2\/types\/post"}],"author":[{"embeddable":true,"href":"https:\/\/zamanturkmenistan.com.tm\/index.php?rest_route=\/wp\/v2\/users\/1"}],"replies":[{"embeddable":true,"href":"https:\/\/zamanturkmenistan.com.tm\/index.php?rest_route=%2Fwp%2Fv2%2Fcomments&post=5260"}],"version-history":[{"count":0,"href":"https:\/\/zamanturkmenistan.com.tm\/index.php?rest_route=\/wp\/v2\/posts\/5260\/revisions"}],"wp:featuredmedia":[{"embeddable":true,"href":"https:\/\/zamanturkmenistan.com.tm\/index.php?rest_route=\/wp\/v2\/media\/5261"}],"wp:attachment":[{"href":"https:\/\/zamanturkmenistan.com.tm\/index.php?rest_route=%2Fwp%2Fv2%2Fmedia&parent=5260"}],"wp:term":[{"taxonomy":"category","embeddable":true,"href":"https:\/\/zamanturkmenistan.com.tm\/index.php?rest_route=%2Fwp%2Fv2%2Fcategories&post=5260"},{"taxonomy":"post_tag","embeddable":true,"href":"https:\/\/zamanturkmenistan.com.tm\/index.php?rest_route=%2Fwp%2Fv2%2Ftags&post=5260"}],"curies":[{"name":"wp","href":"https:\/\/api.w.org\/{rel}","templated":true}]}}