{"id":52779,"date":"2021-12-16T19:11:11","date_gmt":"2021-12-16T14:11:11","guid":{"rendered":"https:\/\/zamanturkmenistan.com.tm\/?p=52779"},"modified":"2021-12-16T19:11:11","modified_gmt":"2021-12-16T14:11:11","slug":"uc-aydan-bari-dowam-edyar-2","status":"publish","type":"post","link":"https:\/\/zamanturkmenistan.com.tm\/?p=52779","title":{"rendered":"\u00dc\u00e7 a\u00fd\u00addan b\u00e4\u00adri do\u00adwam ed\u00ad\u00fd\u00e4r"},"content":{"rendered":"<p>Is\u00adpa\u00adni\u00ad\u00fda\u00adny\u0148 g\u00fc\u00adnor\u00adta-g\u00fcn\u00adba\u00adta\u00adryn\u00adda\u00adky Ka\u00adnar ada\u00adla\u00adry\u00adna de\u00adgi\u015f\u00adli bo\u00adlan \u00abLa Pal\u00adma\u00bb ada\u00adsyn\u00adda\u00adky wul\u00adka\u00adny\u0148 i\u015f\u00adje\u0148 \u00fdag\u00adda\u00ad\u00fda ge\u00adle\u00adni\u00adne \u00fc\u00e7 a\u00fd\u00addan gow\u00adrak wagt ge\u00e7\u00addi. \u015ee\u00fd\u00adle\u00adlik\u00adde, \u00abCumb\u00adre Vieja\u00bb wul\u00adka\u00adny bu ada\u00adda i\u0148 uzak wagt \u00fda\u00adnan wul\u00adkan h\u00f6k\u00adm\u00fcn\u00adde ha\u00adsa\u00adba alyn\u00addy. 19-njy sent\u00ad\u00fdabr\u00adda aty\u00adlyp ba\u015f\u00adlan wul\u00adkan 1585-nji \u00fdyl\u00adda 84 g\u00fcn\u00adl\u00e4p \u00fda\u00adnan Te\u00adhu\u00ad\u00fda wul\u00adka\u00adny\u00adny\u0148 re\u00adkor\u00addy\u00adny t\u00e4\u00adze\u00adle\u00addi. \u00ddew\u00adro\u00adpa Bi\u00adle\u00adle\u00ad\u015fi\u00adgi\u00adni\u0148 eme\u00adli hem\u00adra ob\u00adser\u00adwa\u00adto\u00adri\u00ad\u00fda prog\u00adram\u00adma\u00adsy \u00abCoper\u00adnicus\u00bb-y\u0148 mag\u00adlu\u00admat\u00adla\u00adry\u00adna g\u00f6\u00adr\u00e4, wul\u00adkan\u00addan h\u00e4\u00adzi\u00adre \u00e7en\u00adli 94 mil\u00adli\u00adon kub\u00admetr la\u00adwa \u00e7y\u00adkyp\u00addyr. La\u00adwa\u00adny\u0148 tut\u00ad\u00fdan me\u00fd\u00adda\u00adny wul\u00adka\u00adny\u0148 t\u00f6\u00adwe\u00adre\u00adgin\u00adde 1182 gek\u00adtar \u00fde\u00adri gap\u00adlap al\u00addy. De\u00ad\u0148iz\u00adde bol\u00adsa 48 gek\u00adtar\u00adlyk dil\u00adkaw eme\u00adle ge\u00adtir\u00addi. Bi\u00adler\u00admen\u00adler wul\u00adka\u00adny\u0148 \u00fdy\u00adly\u0148 ahy\u00adry\u00adna \u00e7en\u00adli s\u00f6n\u00adjek\u00addi\u00adgi\u00adni \u00e7ak\u00adla\u00ad\u00fdar\u00adlar.<br \/>\nWul\u00adka\u00adnik h\u00e4\u00adsi\u00ad\u00fde\u00adti bo\u00adlan Ka\u00adnar ada\u00adla\u00adryn\u00adda h\u00e4\u00adzi\u00adre \u00e7en\u00adli i\u0148 uzak wagt\u00adlap i\u015f\u00adje\u0148\u00adli\u00adgi\u00adni sak\u00adlan wul\u00adkan XVIII asyr\u00adda \u00fda\u00adnan Lan\u00adza\u00adro\u00adte ada\u00adsyn\u00adda\u00adky \u00abTi\u00adman\u00adfaya\u00bb ha\u00adsap\u00adlan\u00ad\u00fdar. Ol al\u00adty \u00fdyl\u00adlap s\u00f6n\u00adm\u00e4n\u00addir. At\u00adlan\u00adtik um\u00adma\u00adnyn\u00adda\u00adky Ka\u00adnar ada\u00adla\u00adry Is\u00adpa\u00adni\u00ad\u00fda de\u00adgi\u015f\u00adli bo\u00adlup, Af\u00adri\u00adka yk\u00adly\u00admy\u00adna go\u00adla\u00fd\u00adda \u00fder\u00adle\u015f\u00ad\u00fd\u00e4r. Bu \u00fder\u00adde se\u00adkiz sa\u00adny uly, b\u00e4\u015f sa\u00adny ki\u00ad\u00e7i ada, \u015fe\u00fd\u00adle hem ga\u00ad\u00fda\u00adlyk \u00e7yk\u00adgyt\u00adlar bar.<\/p>\n<p style=\"text-align: right;\"><strong>A\u00fd\u00adje\u00adren HO\u00adJA\u00ad\u00ddE\u00adWA, <\/strong><br \/>\n<strong>Mag\u00adtym\u00adgu\u00adly adyn\u00adda\u00adky T\u00fcrk\u00admen d\u00f6w\u00adlet uni\u00adwer\u00adsi\u00adte\u00adti\u00adni\u0148 ta\u00adly\u00adby.<\/strong><\/p>\n","protected":false},"excerpt":{"rendered":"<p>Is\u00adpa\u00adni\u00ad\u00fda\u00adny\u0148 g\u00fc\u00adnor\u00adta-g\u00fcn\u00adba\u00adta\u00adryn\u00adda\u00adky Ka\u00adnar ada\u00adla\u00adry\u00adna de\u00adgi\u015f\u00adli bo\u00adlan \u00abLa Pal\u00adma\u00bb ada\u00adsyn\u00adda\u00adky wul\u00adka\u00adny\u0148 i\u015f\u00adje\u0148 \u00fdag\u00adda\u00ad\u00fda ge\u00adle\u00adni\u00adne \u00fc\u00e7 a\u00fd\u00addan gow\u00adrak wagt ge\u00e7\u00addi. \u015ee\u00fd\u00adle\u00adlik\u00adde, \u00abCumb\u00adre Vieja\u00bb wul\u00adka\u00adny bu ada\u00adda i\u0148 uzak wagt \u00fda\u00adnan wul\u00adkan h\u00f6k\u00adm\u00fcn\u00adde ha\u00adsa\u00adba alyn\u00addy. 19-njy sent\u00ad\u00fdabr\u00adda aty\u00adlyp ba\u015f\u00adlan wul\u00adkan 1585-nji \u00fdyl\u00adda 84 g\u00fcn\u00adl\u00e4p \u00fda\u00adnan Te\u00adhu\u00ad\u00fda wul\u00adka\u00adny\u00adny\u0148 re\u00adkor\u00addy\u00adny t\u00e4\u00adze\u00adle\u00addi. \u00ddew\u00adro\u00adpa Bi\u00adle\u00adle\u00ad\u015fi\u00adgi\u00adni\u0148 eme\u00adli hem\u00adra ob\u00adser\u00adwa\u00adto\u00adri\u00ad\u00fda prog\u00adram\u00adma\u00adsy \u00abCoper\u00adnicus\u00bb-y\u0148 mag\u00adlu\u00admat\u00adla\u00adry\u00adna g\u00f6\u00adr\u00e4, [&hellip;]<\/p>\n","protected":false},"author":2,"featured_media":52638,"comment_status":"open","ping_status":"closed","sticky":false,"template":"","format":"status","meta":{"footnotes":""},"categories":[5],"tags":[],"acf":[],"_links":{"self":[{"href":"https:\/\/zamanturkmenistan.com.tm\/index.php?rest_route=\/wp\/v2\/posts\/52779"}],"collection":[{"href":"https:\/\/zamanturkmenistan.com.tm\/index.php?rest_route=\/wp\/v2\/posts"}],"about":[{"href":"https:\/\/zamanturkmenistan.com.tm\/index.php?rest_route=\/wp\/v2\/types\/post"}],"author":[{"embeddable":true,"href":"https:\/\/zamanturkmenistan.com.tm\/index.php?rest_route=\/wp\/v2\/users\/2"}],"replies":[{"embeddable":true,"href":"https:\/\/zamanturkmenistan.com.tm\/index.php?rest_route=%2Fwp%2Fv2%2Fcomments&post=52779"}],"version-history":[{"count":0,"href":"https:\/\/zamanturkmenistan.com.tm\/index.php?rest_route=\/wp\/v2\/posts\/52779\/revisions"}],"wp:featuredmedia":[{"embeddable":true,"href":"https:\/\/zamanturkmenistan.com.tm\/index.php?rest_route=\/wp\/v2\/media\/52638"}],"wp:attachment":[{"href":"https:\/\/zamanturkmenistan.com.tm\/index.php?rest_route=%2Fwp%2Fv2%2Fmedia&parent=52779"}],"wp:term":[{"taxonomy":"category","embeddable":true,"href":"https:\/\/zamanturkmenistan.com.tm\/index.php?rest_route=%2Fwp%2Fv2%2Fcategories&post=52779"},{"taxonomy":"post_tag","embeddable":true,"href":"https:\/\/zamanturkmenistan.com.tm\/index.php?rest_route=%2Fwp%2Fv2%2Ftags&post=52779"}],"curies":[{"name":"wp","href":"https:\/\/api.w.org\/{rel}","templated":true}]}}