{"id":5287,"date":"2017-01-19T06:24:19","date_gmt":"2017-01-19T06:24:19","guid":{"rendered":"http:\/\/zamanturkmenistan.com\/?p=5287"},"modified":"2017-01-19T06:24:19","modified_gmt":"2017-01-19T06:24:19","slug":"ust%c2%adyu%c2%adgow-bi%c2%adlen-wen%c2%adgin-us%c2%adtun%c2%adli%c2%adgi","status":"publish","type":"post","link":"https:\/\/zamanturkmenistan.com.tm\/?p=5287","title":{"rendered":"Ust\u00ad\u00fdu\u00adgow bi\u00adlen Wen\u00adgi\u0148 \u00fcs\u00adt\u00fcn\u00adli\u00adgi"},"content":{"rendered":"<p>Ly\u00ad\u017ea bo\u00ad\u00fdun\u00ad\u00e7a ge\u00ad\u00e7i\u00adri\u00adlen \u201cTur de Ski \u2013 2016\/17\u201d \u00fda\u00adry\u00ad\u015fy ta\u00admam\u00adlan\u00addy. \u015ewe\u00fd\u00adsa\u00adri\u00ad\u00fda\u00adny\u0148 Wal-M\u00fcs\u00adta\u00adir di\u00ad\u00fden \u00fde\u00adrin\u00adde ba\u015f\u00adla\u00adnan b\u00e4s\u00adle\u00ad\u015fik\u00adler Ita\u00adli\u00ad\u00fda\u00adny\u0148 Wal di Fi\u00adem\u00adme di\u00ad\u00fden zo\u00adla\u00adgyn\u00adda ta\u00admam\u00adlan\u00addy. Alp dag\u00adla\u00adryn\u00adda gu\u00adra\u00adlan bu \u00fda\u00adry\u015f je\u00admi 7 tap\u00adgyr\u00adlap do\u00adwam et\u00addi. 3\u20134-nji tap\u00adgyr\u00adlar Ger\u00adma\u00adni\u00ad\u00fda\u00adda ge\u00ad\u00e7i\u00adril\u00addi. T\u00fcr\u00adgen\u00adler ly\u00ad\u017ea\u00adny\u0148 sprint, mass-start, skiat\u00adlon \u00fdaly g\u00f6r\u00adn\u00fc\u015f\u00adle\u00adrin\u00adde \u00f6za\u00adra b\u00e4s\u00adle\u015f\u00addi\u00adler. Ne\u00adti\u00adje\u00adde, 31-nji de\u00adkabr\u00adda bat alan b\u00e4s\u00adle\u00ad\u015fik\u00adde er\u00adkek\u00adle\u00adri\u0148 ara\u00adsyn\u00adda rus\u00adsi\u00ad\u00fda\u00adly Ser\u00adge\u00fd Ust\u00ad\u00fdu\u00adgow \u00fde\u00ad\u0148i\u015f ga\u00adzan\u00addy. Onu\u0148 g\u00f6r\u00adke\u00adzen ne\u00adti\u00adje\u00adsi 3 sa\u00adgat 24 mi\u00adnut 47,9 se\u00adkun\u00adda de\u0148 bol\u00addy. Ol \u201cTur de Ski\u201d ly\u00ad\u017ea \u00fda\u00adry\u00ad\u015fyn\u00adda Alek\u00adsandr Leg\u00adkow\u00addan (2012\/13) so\u0148 \u00e7em\u00adpi\u00adon bo\u00adlan 2-nji rus\u00adsi\u00ad\u00fda\u00adly t\u00fcr\u00adgen\u00addir. \u00dda\u00adry\u015f\u00adda 2-nji or\u00adny 2013\/14 we 2016-njy \u00fdyl\u00adla\u00adry\u0148 \u00e7em\u00adpio\u00adny nor\u00adwe\u00adgi\u00ad\u00fda\u00adly Mar\u00adtin Jons\u00adrud Sand\u00adbi, 3-nji \u00fde\u00adri-de \u015fwe\u00fd\u00adsa\u00adri\u00ad\u00fda\u00adly Da\u00adri\u00ad\u00fda Ko\u00adlon e\u00fde\u00adle\u00addi.<br \/>\nZe\u00adnan\u00adla\u00adry\u0148 ara\u00adsyn\u00adda nor\u00adwe\u00adgi\u00ad\u00fda\u00adly Hei\u00addi Weng \u00e7em\u00adpi\u00adon bol\u00addy. Ol skan\u00addi\u00adna\u00adwi\u00ad\u00fda\u00adly k\u00e4r\u00adde\u015f\u00adle\u00adri finl\u00ad\u00fdan\u00addi\u00ad\u00fda\u00adly Kris\u00adta Par\u00adma\u00adkos\u00adki\u00adden hem-de \u015fwe\u00adsi\u00ad\u00fda\u00adly Sti\u00adna Nils\u00adson\u00addan \u00f6\u0148e sa\u00fd\u00adlan\u00addy. Mun\u00addan \u00f6\u0148\u00adki 3 \u00fda\u00adry\u015f\u00adda 3-nji \u00fde\u00adri e\u00fde\u00adl\u00e4n Hei\u00addi Wen\u00adgi\u0148 g\u00f6r\u00adke\u00adzen ne\u00adti\u00adje\u00adsi 2 sa\u00adgat 27 mi\u00adnut 39,4 se\u00adkun\u00adda de\u0148 bol\u00addy. \u201cTur de Ski\u201d b\u00e4s\u00adle\u00ad\u015fi\u00adgin\u00adde bas\u00adsyr 4 ge\u00adzek\u00adden b\u00e4\u00adri nor\u00adwe\u00adgi\u00ad\u00fda\u00adly ly\u00ad\u017ea\u00ad\u00e7y gyz\u00adlar \u00fde\u00ad\u0148i\u00adji bol\u00ad\u00fdar. On\u00addan \u00f6\u0148 pol\u00ad\u015fa\u00adly \u00ddus\u00adti\u00adna Ko\u00adwal\u00ad\u00e7ik yz\u00adly-yzy\u00adna 4 \u00e7em\u00adpi\u00adon\u00adlyk ga\u00adza\u00adnyp\u00addy.<\/p>\n","protected":false},"excerpt":{"rendered":"<p>Ly\u00ad\u017ea bo\u00ad\u00fdun\u00ad\u00e7a ge\u00ad\u00e7i\u00adri\u00adlen \u201cTur de Ski \u2013 2016\/17\u201d \u00fda\u00adry\u00ad\u015fy ta\u00admam\u00adlan\u00addy. \u015ewe\u00fd\u00adsa\u00adri\u00ad\u00fda\u00adny\u0148 Wal-M\u00fcs\u00adta\u00adir di\u00ad\u00fden \u00fde\u00adrin\u00adde ba\u015f\u00adla\u00adnan b\u00e4s\u00adle\u00ad\u015fik\u00adler Ita\u00adli\u00ad\u00fda\u00adny\u0148 Wal di Fi\u00adem\u00adme di\u00ad\u00fden zo\u00adla\u00adgyn\u00adda ta\u00admam\u00adlan\u00addy. Alp dag\u00adla\u00adryn\u00adda gu\u00adra\u00adlan bu \u00fda\u00adry\u015f je\u00admi 7 tap\u00adgyr\u00adlap do\u00adwam et\u00addi. 3\u20134-nji tap\u00adgyr\u00adlar Ger\u00adma\u00adni\u00ad\u00fda\u00adda ge\u00ad\u00e7i\u00adril\u00addi. T\u00fcr\u00adgen\u00adler ly\u00ad\u017ea\u00adny\u0148 sprint, mass-start, skiat\u00adlon \u00fdaly g\u00f6r\u00adn\u00fc\u015f\u00adle\u00adrin\u00adde \u00f6za\u00adra b\u00e4s\u00adle\u015f\u00addi\u00adler. Ne\u00adti\u00adje\u00adde, 31-nji de\u00adkabr\u00adda bat alan b\u00e4s\u00adle\u00ad\u015fik\u00adde er\u00adkek\u00adle\u00adri\u0148 ara\u00adsyn\u00adda rus\u00adsi\u00ad\u00fda\u00adly [&hellip;]<\/p>\n","protected":false},"author":1,"featured_media":5289,"comment_status":"open","ping_status":"closed","sticky":false,"template":"","format":"standard","meta":{"footnotes":""},"categories":[13],"tags":[],"acf":[],"_links":{"self":[{"href":"https:\/\/zamanturkmenistan.com.tm\/index.php?rest_route=\/wp\/v2\/posts\/5287"}],"collection":[{"href":"https:\/\/zamanturkmenistan.com.tm\/index.php?rest_route=\/wp\/v2\/posts"}],"about":[{"href":"https:\/\/zamanturkmenistan.com.tm\/index.php?rest_route=\/wp\/v2\/types\/post"}],"author":[{"embeddable":true,"href":"https:\/\/zamanturkmenistan.com.tm\/index.php?rest_route=\/wp\/v2\/users\/1"}],"replies":[{"embeddable":true,"href":"https:\/\/zamanturkmenistan.com.tm\/index.php?rest_route=%2Fwp%2Fv2%2Fcomments&post=5287"}],"version-history":[{"count":0,"href":"https:\/\/zamanturkmenistan.com.tm\/index.php?rest_route=\/wp\/v2\/posts\/5287\/revisions"}],"wp:featuredmedia":[{"embeddable":true,"href":"https:\/\/zamanturkmenistan.com.tm\/index.php?rest_route=\/wp\/v2\/media\/5289"}],"wp:attachment":[{"href":"https:\/\/zamanturkmenistan.com.tm\/index.php?rest_route=%2Fwp%2Fv2%2Fmedia&parent=5287"}],"wp:term":[{"taxonomy":"category","embeddable":true,"href":"https:\/\/zamanturkmenistan.com.tm\/index.php?rest_route=%2Fwp%2Fv2%2Fcategories&post=5287"},{"taxonomy":"post_tag","embeddable":true,"href":"https:\/\/zamanturkmenistan.com.tm\/index.php?rest_route=%2Fwp%2Fv2%2Ftags&post=5287"}],"curies":[{"name":"wp","href":"https:\/\/api.w.org\/{rel}","templated":true}]}}