{"id":53195,"date":"2021-12-23T16:47:10","date_gmt":"2021-12-23T11:47:10","guid":{"rendered":"https:\/\/zamanturkmenistan.com.tm\/?p=53195"},"modified":"2021-12-23T16:47:10","modified_gmt":"2021-12-23T11:47:10","slug":"yasyl-taslamalara-has-kop-goldaw-berler","status":"publish","type":"post","link":"https:\/\/zamanturkmenistan.com.tm\/?p=53195","title":{"rendered":"\u00ab\u00dda\u00ad\u015fyl\u00bb tas\u00adla\u00adma\u00adla\u00adra has k\u00f6p gol\u00addaw ber\u00adler"},"content":{"rendered":"<p>\u00ddew\u00adro\u00adpa Bi\u00adle\u00adle\u00ad\u015fi\u00adgi ag\u00adza \u00fdurt\u00adlar\u00adda dur\u00admu\u00ad\u015fa ge\u00ad\u00e7i\u00adril\u00adjek \u00ab\u00fda\u00ad\u015fyl\u00bb tas\u00adla\u00adma\u00adla\u00adra has k\u00f6p gol\u00addaw ber\u00adme\u00adgi me\u00ad\u00fdil\u00adle\u015f\u00addir\u00ad\u00fd\u00e4r. \u00ddew\u00adro\u00adpa Bi\u00adle\u00adle\u00ad\u015fi\u00adgi\u00adni\u0148 Ko\u00admis\u00adsi\u00ad\u00fda\u00adsy\u00adny\u0148 wi\u00adse-pre\u00adzi\u00adden\u00adti Marg\u00adret Wes\u00adta\u00adger \u00ddew\u00adro\u00adpa\u00adny\u0148 \u00ab\u00dda\u00ad\u015fyl\u00bb mak\u00adsat\u00adna\u00adma\u00adsy\u00adna \u00fdet\u00adme\u00adgi \u00fc\u00e7in b\u00e4s\u00adde\u015f\u00adlik we d\u00f6w\u00adlet gol\u00adda\u00adwy d\u00fcz\u00adg\u00fcn\u00adle\u00adri\u00adni\u0148 re\u00adje\u00adle\u00adnen g\u00f6r\u00adn\u00fc\u00ad\u015fi\u00adni\u0148 Ko\u00admis\u00adsi\u00ad\u00fda ta\u00adra\u00adpyn\u00addan tas\u00adsyk\u00adla\u00adnan\u00addy\u00adgy\u00adny m\u00e4\u00adlim et\u00addi. \u00ddew\u00adro\u00adpa\u00adny\u0148 \u00ab\u00fda\u00ad\u015fyl\u00bb \u00f6w\u00adr\u00fc\u00adli\u00ad\u015fi\u00adgi gol\u00adda\u00admak \u00fc\u00e7in k\u00f6p muk\u00addar\u00adda ma\u00ad\u00fda go\u00ad\u00fdu\u00adma ze\u00adrur\u00adlyk du\u00fd\u00ad\u00fdan\u00addy\u00adgy\u00adna \u00fcn\u00adsi \u00e7e\u00adken Wes\u00adta\u00adger \u00dda\u00ad\u015fyl \u00f6w\u00adr\u00fc\u00adli\u00ad\u015fi\u00adgi\u0148 tiz g\u00f6r\u00adn\u00fc\u015f\u00adde ama\u00adla a\u015f\u00adma\u00adgyn\u00adda d\u00f6w\u00adlet gol\u00adda\u00adwy\u00adny\u0148 \u00e4h\u00admi\u00ad\u00fde\u00adti\u00adni\u0148 uly bol\u00adjak\u00addy\u00adgy\u00adny bel\u00adle\u00addi.<br \/>\nWi\u00adse-pre\u00adzi\u00addent tas\u00adsyk\u00adla\u00adnan d\u00fcz\u00adg\u00fcn\u00adle\u00adri\u0148 k\u00f6\u00adm\u00fcr\u00adtur\u00ad\u015fy ga\u00adzyn\u00addan sap\u00adlan\u00adma\u00adga go\u00ad\u015fant go\u015f\u00adjak\u00addy\u00adgy\u00adny, mak\u00adsat\u00adna\u00adma\u00adny\u0148 el\u00ad\u00fde\u00adter\u00adli ba\u00adha\u00addan dur\u00admu\u00ad\u015fa ge\u00ad\u00e7i\u00adril\u00adme\u00adgi\u00adni tiz\u00adle\u015f\u00addir\u00admek \u00fc\u00e7in ag\u00adza \u00fdurt\u00adla\u00adry\u0148 t\u00e4\u00adze\u00adlen\u00ad\u00fd\u00e4n \u00e7e\u015f\u00adme\u00adle\u00adri hem \u00f6z i\u00e7i\u00adne al\u00ad\u00fdan ma\u00ad\u00fda go\u00ad\u00fdum\u00adla\u00adry\u00adny a\u0148\u00adsat\u00adla\u015f\u00addyr\u00adjak\u00addy\u00adgy\u00adny a\u00fdt\u00addy. Se\u00adbit\u00adde ho\u00adwa go\u00fd\u00adbe\u00adril\u00ad\u00fd\u00e4n zy\u00ad\u00fdan\u00adly gaz\u00adla\u00adry\u0148 has-da azal\u00addyl\u00adma\u00adgy g\u00f6z \u00f6\u0148\u00fcn\u00adde tu\u00adtul\u00ad\u00fdar.<\/p>\n<p style=\"text-align: right;\">\n<strong>Ba\u00fd\u00adram\u00adm\u00e4m\u00admet HO\u00adJA\u00adM\u00c4M\u00adME\u00adDO\u00adW, <\/strong><br \/>\n<strong>S.A.Ny\u00ad\u00fda\u00adzow adyn\u00adda\u00adky T\u00fcrk\u00admen oba ho\u00adja\u00adlyk uni\u00adwer\u00adsi\u00adte\u00adti\u00adni\u0148 uly mu\u00adgal\u00adly\u00admy.<\/strong><\/p>\n","protected":false},"excerpt":{"rendered":"<p>\u00ddew\u00adro\u00adpa Bi\u00adle\u00adle\u00ad\u015fi\u00adgi ag\u00adza \u00fdurt\u00adlar\u00adda dur\u00admu\u00ad\u015fa ge\u00ad\u00e7i\u00adril\u00adjek \u00ab\u00fda\u00ad\u015fyl\u00bb tas\u00adla\u00adma\u00adla\u00adra has k\u00f6p gol\u00addaw ber\u00adme\u00adgi me\u00ad\u00fdil\u00adle\u015f\u00addir\u00ad\u00fd\u00e4r. \u00ddew\u00adro\u00adpa Bi\u00adle\u00adle\u00ad\u015fi\u00adgi\u00adni\u0148 Ko\u00admis\u00adsi\u00ad\u00fda\u00adsy\u00adny\u0148 wi\u00adse-pre\u00adzi\u00adden\u00adti Marg\u00adret Wes\u00adta\u00adger \u00ddew\u00adro\u00adpa\u00adny\u0148 \u00ab\u00dda\u00ad\u015fyl\u00bb mak\u00adsat\u00adna\u00adma\u00adsy\u00adna \u00fdet\u00adme\u00adgi \u00fc\u00e7in b\u00e4s\u00adde\u015f\u00adlik we d\u00f6w\u00adlet gol\u00adda\u00adwy d\u00fcz\u00adg\u00fcn\u00adle\u00adri\u00adni\u0148 re\u00adje\u00adle\u00adnen g\u00f6r\u00adn\u00fc\u00ad\u015fi\u00adni\u0148 Ko\u00admis\u00adsi\u00ad\u00fda ta\u00adra\u00adpyn\u00addan tas\u00adsyk\u00adla\u00adnan\u00addy\u00adgy\u00adny m\u00e4\u00adlim et\u00addi. \u00ddew\u00adro\u00adpa\u00adny\u0148 \u00ab\u00fda\u00ad\u015fyl\u00bb \u00f6w\u00adr\u00fc\u00adli\u00ad\u015fi\u00adgi gol\u00adda\u00admak \u00fc\u00e7in k\u00f6p muk\u00addar\u00adda ma\u00ad\u00fda go\u00ad\u00fdu\u00adma ze\u00adrur\u00adlyk du\u00fd\u00ad\u00fdan\u00addy\u00adgy\u00adna \u00fcn\u00adsi \u00e7e\u00adken Wes\u00adta\u00adger \u00dda\u00ad\u015fyl \u00f6w\u00adr\u00fc\u00adli\u00ad\u015fi\u00adgi\u0148 tiz g\u00f6r\u00adn\u00fc\u015f\u00adde ama\u00adla [&hellip;]<\/p>\n","protected":false},"author":2,"featured_media":53196,"comment_status":"open","ping_status":"closed","sticky":false,"template":"","format":"status","meta":{"footnotes":""},"categories":[5],"tags":[2787],"acf":[],"_links":{"self":[{"href":"https:\/\/zamanturkmenistan.com.tm\/index.php?rest_route=\/wp\/v2\/posts\/53195"}],"collection":[{"href":"https:\/\/zamanturkmenistan.com.tm\/index.php?rest_route=\/wp\/v2\/posts"}],"about":[{"href":"https:\/\/zamanturkmenistan.com.tm\/index.php?rest_route=\/wp\/v2\/types\/post"}],"author":[{"embeddable":true,"href":"https:\/\/zamanturkmenistan.com.tm\/index.php?rest_route=\/wp\/v2\/users\/2"}],"replies":[{"embeddable":true,"href":"https:\/\/zamanturkmenistan.com.tm\/index.php?rest_route=%2Fwp%2Fv2%2Fcomments&post=53195"}],"version-history":[{"count":0,"href":"https:\/\/zamanturkmenistan.com.tm\/index.php?rest_route=\/wp\/v2\/posts\/53195\/revisions"}],"wp:featuredmedia":[{"embeddable":true,"href":"https:\/\/zamanturkmenistan.com.tm\/index.php?rest_route=\/wp\/v2\/media\/53196"}],"wp:attachment":[{"href":"https:\/\/zamanturkmenistan.com.tm\/index.php?rest_route=%2Fwp%2Fv2%2Fmedia&parent=53195"}],"wp:term":[{"taxonomy":"category","embeddable":true,"href":"https:\/\/zamanturkmenistan.com.tm\/index.php?rest_route=%2Fwp%2Fv2%2Fcategories&post=53195"},{"taxonomy":"post_tag","embeddable":true,"href":"https:\/\/zamanturkmenistan.com.tm\/index.php?rest_route=%2Fwp%2Fv2%2Ftags&post=53195"}],"curies":[{"name":"wp","href":"https:\/\/api.w.org\/{rel}","templated":true}]}}