{"id":5337,"date":"2017-01-23T07:09:35","date_gmt":"2017-01-23T07:09:35","guid":{"rendered":"http:\/\/zamanturkmenistan.com\/?p=5337"},"modified":"2017-01-23T07:09:35","modified_gmt":"2017-01-23T07:09:35","slug":"diplomatik-gatnasyklaryn-25-yyllygyna-bagyslandy","status":"publish","type":"post","link":"https:\/\/zamanturkmenistan.com.tm\/?p=5337","title":{"rendered":"Diplomatik gatna\u015fyklary\u0148 25 \u00fdyllygyna bagy\u015flandy"},"content":{"rendered":"<p>16-njy \u00fdan\u00adwar\u00adda Mag\u00adtym\u00adgu\u00adly adyn\u00adda\u00adky T\u00fcrk\u00admen mil\u00adli saz\u00adly-dra\u00adma te\u00adat\u00adryn\u00adda T\u00fcrk\u00adme\u00adnis\u00adtan bi\u00adlen Hy\u00adta\u00fd Halk Res\u00adpub\u00adli\u00adka\u00adsy\u00adny\u0148 ara\u00adsyn\u00adda dip\u00adlo\u00adma\u00adtik gat\u00adna\u00ad\u015fyk\u00adla\u00adry\u0148 \u00fdo\u00adla go\u00ad\u00fdul\u00adma\u00adgy\u00adny\u0148 25 \u00fdyl\u00adly\u00adgy\u00adna ba\u00adgy\u015f\u00adla\u00adnyp, t\u00fcrk\u00admen we hy\u00adta\u00fd sun\u00adgat us\u00adsat\u00adla\u00adry\u00adny\u0148 bi\u00adle\u00adlik\u00add\u00e4\u00adki kon\u00adser\u00adti ge\u00ad\u00e7i\u00adril\u00addi.<br \/>\nHy\u00adta\u00fd Halk Res\u00adpub\u00adli\u00adka\u00adsy\u00adny\u0148 T\u00fcrk\u00adme\u00adnis\u00adtan\u00adda\u00adky Adat\u00addan da\u00ad\u015fa\u00adry we Do\u00adly yg\u00adty\u00ad\u00fdar\u00adly il\u00ad\u00e7i\u00adsi je\u00adnap Sun We\u00fd\u00addun ba\u00fd\u00adram\u00ad\u00e7y\u00adlyk kon\u00adser\u00adti\u00adne gat\u00adna\u00ad\u015fy\u00adjy\u00adla\u00adry we myh\u00adman\u00adla\u00adry m\u00fc\u00adb\u00e4\u00adrek\u00adl\u00e4p, bi\u00adzi\u0148 halk\u00adla\u00adry\u00admy\u00adzy\u0148 dost\u00adlu\u00adgy\u00adny\u0148 \u00e7u\u0148\u00ad\u0148ur k\u00f6k\u00adle\u00adri ba\u00adra\u00adda bel\u00adle\u00addi.<br \/>\nDip\u00adlo\u00adma\u00adtik gat\u00adna\u00ad\u015fyk\u00adla\u00adry\u0148 \u00fdo\u00adla go\u00fd\u00adlan g\u00fc\u00adn\u00fcn\u00adden b\u00e4\u00adri bi\u00adzi\u0148 d\u00f6w\u00adlet\u00adle\u00adri\u00admiz d\u00fcr\u00adli ul\u00adgam\u00adlar\u00adda \u00f6za\u00adra hyz\u00admat\u00adda\u015f\u00adlyk et\u00admek\u00adde aja\u00ad\u00fdyp \u00fcs\u00adt\u00fcn\u00adlik\u00adle\u00adri ga\u00adzan\u00addy\u00adlar di\u00ad\u00fdip, Do\u00adly yg\u00adty\u00ad\u00fdar\u00adly we\u00adkil a\u00fdt\u00addy hem-de \u00f6z s\u00f6z\u00adle\u00adri\u00adni anyk my\u00adsal\u00adlar bi\u00adlen tas\u00adsyk\u00adla\u00addy.<br \/>\nSo\u0148\u00adra dost\u00adluk kon\u00adser\u00adti\u00adni\u0148 mak\u00adsat\u00adna\u00adma\u00adsy\u00adny t\u00fcrk\u00admen we hy\u00adta\u00fd ar\u00adtist\u00adle\u00adri\u00adni\u0148 aja\u00ad\u00fdyp \u00e7y\u00adky\u015f\u00adla\u00adry d\u00fcz\u00addi. \u015ee\u00fd\u00adle hem dost\u00adluk\u00adly \u00fdur\u00addu\u0148 ar\u00adtist\u00adle\u00adri pa\u00fd\u00adtag\u00adty\u00admy\u00adzy\u0148 mu\u00adze\u00fd\u00adle\u00adri\u00adni\u0148 gym\u00admat\u00adlyk\u00adla\u00adry hem-de A\u015f\u00adga\u00adba\u00addy\u0148 be\u00fd\u00adle\u00adki g\u00f6\u00adzel\u00adlik\u00adle\u00adri bi\u00adlen ta\u00adny\u015f\u00addy\u00adlar.<\/p>\n","protected":false},"excerpt":{"rendered":"<p>16-njy \u00fdan\u00adwar\u00adda Mag\u00adtym\u00adgu\u00adly adyn\u00adda\u00adky T\u00fcrk\u00admen mil\u00adli saz\u00adly-dra\u00adma te\u00adat\u00adryn\u00adda T\u00fcrk\u00adme\u00adnis\u00adtan bi\u00adlen Hy\u00adta\u00fd Halk Res\u00adpub\u00adli\u00adka\u00adsy\u00adny\u0148 ara\u00adsyn\u00adda dip\u00adlo\u00adma\u00adtik gat\u00adna\u00ad\u015fyk\u00adla\u00adry\u0148 \u00fdo\u00adla go\u00ad\u00fdul\u00adma\u00adgy\u00adny\u0148 25 \u00fdyl\u00adly\u00adgy\u00adna ba\u00adgy\u015f\u00adla\u00adnyp, t\u00fcrk\u00admen we hy\u00adta\u00fd sun\u00adgat us\u00adsat\u00adla\u00adry\u00adny\u0148 bi\u00adle\u00adlik\u00add\u00e4\u00adki kon\u00adser\u00adti ge\u00ad\u00e7i\u00adril\u00addi. Hy\u00adta\u00fd Halk Res\u00adpub\u00adli\u00adka\u00adsy\u00adny\u0148 T\u00fcrk\u00adme\u00adnis\u00adtan\u00adda\u00adky Adat\u00addan da\u00ad\u015fa\u00adry we Do\u00adly yg\u00adty\u00ad\u00fdar\u00adly il\u00ad\u00e7i\u00adsi je\u00adnap Sun We\u00fd\u00addun ba\u00fd\u00adram\u00ad\u00e7y\u00adlyk kon\u00adser\u00adti\u00adne gat\u00adna\u00ad\u015fy\u00adjy\u00adla\u00adry we myh\u00adman\u00adla\u00adry m\u00fc\u00adb\u00e4\u00adrek\u00adl\u00e4p, bi\u00adzi\u0148 halk\u00adla\u00adry\u00admy\u00adzy\u0148 dost\u00adlu\u00adgy\u00adny\u0148 \u00e7u\u0148\u00ad\u0148ur k\u00f6k\u00adle\u00adri ba\u00adra\u00adda bel\u00adle\u00addi. [&hellip;]<\/p>\n","protected":false},"author":1,"featured_media":5339,"comment_status":"open","ping_status":"closed","sticky":false,"template":"","format":"standard","meta":{"footnotes":""},"categories":[3],"tags":[],"acf":[],"_links":{"self":[{"href":"https:\/\/zamanturkmenistan.com.tm\/index.php?rest_route=\/wp\/v2\/posts\/5337"}],"collection":[{"href":"https:\/\/zamanturkmenistan.com.tm\/index.php?rest_route=\/wp\/v2\/posts"}],"about":[{"href":"https:\/\/zamanturkmenistan.com.tm\/index.php?rest_route=\/wp\/v2\/types\/post"}],"author":[{"embeddable":true,"href":"https:\/\/zamanturkmenistan.com.tm\/index.php?rest_route=\/wp\/v2\/users\/1"}],"replies":[{"embeddable":true,"href":"https:\/\/zamanturkmenistan.com.tm\/index.php?rest_route=%2Fwp%2Fv2%2Fcomments&post=5337"}],"version-history":[{"count":0,"href":"https:\/\/zamanturkmenistan.com.tm\/index.php?rest_route=\/wp\/v2\/posts\/5337\/revisions"}],"wp:featuredmedia":[{"embeddable":true,"href":"https:\/\/zamanturkmenistan.com.tm\/index.php?rest_route=\/wp\/v2\/media\/5339"}],"wp:attachment":[{"href":"https:\/\/zamanturkmenistan.com.tm\/index.php?rest_route=%2Fwp%2Fv2%2Fmedia&parent=5337"}],"wp:term":[{"taxonomy":"category","embeddable":true,"href":"https:\/\/zamanturkmenistan.com.tm\/index.php?rest_route=%2Fwp%2Fv2%2Fcategories&post=5337"},{"taxonomy":"post_tag","embeddable":true,"href":"https:\/\/zamanturkmenistan.com.tm\/index.php?rest_route=%2Fwp%2Fv2%2Ftags&post=5337"}],"curies":[{"name":"wp","href":"https:\/\/api.w.org\/{rel}","templated":true}]}}