{"id":5350,"date":"2017-01-23T09:37:33","date_gmt":"2017-01-23T09:37:33","guid":{"rendered":"http:\/\/zamanturkmenistan.com\/?p=5350"},"modified":"2017-01-23T09:37:33","modified_gmt":"2017-01-23T09:37:33","slug":"2017-nji-yyl%c2%adda-ga%c2%adra%c2%adsyl%c2%adyan-ki%c2%adtap%c2%adlar","status":"publish","type":"post","link":"https:\/\/zamanturkmenistan.com.tm\/?p=5350","title":{"rendered":"2017-nji \u00fdyl\u00adda  ga\u00adra\u00ad\u015fyl\u00ad\u00fdan  ki\u00adtap\u00adlar"},"content":{"rendered":"<p>Ge\u00ad\u00e7en \u00fdy\u00adly\u0148 ahy\u00adryn\u00adda \u00fda\u00adpon \u00fda\u00adzy\u00adjy\u00adsy Ha\u00adru\u00adki Mu\u00adra\u00adka\u00admi 2017-nji \u00fdy\u00adly\u0148 few\u00adra\u00adlyn\u00adda t\u00e4\u00adze ro\u00adma\u00adny\u00adny\u0148 \u00e7yk\u00adjak\u00addy\u00adgy\u00adny m\u00e4\u00adlim et\u00addi. \u00dd\u00f6\u00adne ki\u00adta\u00adby\u0148 n\u00e4\u00adhi\u00adli at\u00adlan\u00addy\u00adryl\u00adjak\u00addy\u00adgy ba\u00adra\u00adda ha\u00adbar be\u00adril\u00adme\u00addi.<br \/>\na \u201cAl\u00adba\u00fd\u201d, \u00c7ak Pa\u00adla\u00adnik. Bel\u00adli \u00fda\u00adzy\u00adjy so\u0148\u00adky \u00fdyl\u00adlar\u00adda \u00f6z mu\u015f\u00addak\u00adla\u00adry\u00adna re\u0148k\u00adli su\u00adrat\u00adlar bi\u00adlen be\u00adze\u00adlen d\u00fcr\u00adli he\u00adka\u00ad\u00fda\u00adlar \u00fdy\u00adgyn\u00addy\u00adsy\u00adny h\u00f6\u00add\u00fcr\u00adle\u00addi.<br \/>\na \u201cT\u00fc\u00adke\u00adnik\u00adsiz de\u00adgi\u015f\u00adme\u201d, De\u00adwid Fos\u00adter Uol\u00adles. Bu eser 20 \u00fdyl mun\u00addan ozal AB\u015e-da ne\u00ad\u015fir edi\u00adlen eken. Ol ilkinji gezek 1923-nji \u00fdyl\u00adda ne\u00ad\u015fir edi\u00adlen i\u0148\u00adlis di\u00adlin\u00adde \u00fda\u00adzy\u00adlan i\u0148 gowy eser\u00adle\u00adri\u0148 bi\u00adri\u00addir.<br \/>\na \u201cIne men\u201d, Jo\u00adna\u00adtan Saf\u00adran Foe\u00adran. Eser\u00add\u00e4\u00adki wa\u00adka\u00adlar AB\u015e-ny\u0148 Wa\u00ad\u015fing\u00adton \u015f\u00e4\u00adhe\u00adrin\u00adde bo\u00adlup ge\u00ad\u00e7ip, wa\u00adka\u00adlar \u00e7e\u00adper be\u00ad\u00fdan edi\u00adli\u00ad\u015fi bi\u00adlen ta\u00adpa\u00adwut\u00adlan\u00ad\u00fdar.<br \/>\na Gol\u00adli\u00adwud akt\u00ad\u00fdo\u00adry Ge\u00adri Old\u00adme\u00adni\u0148 \u201cAt\u00adly\u00adlar\u201d at\u00adly s\u00f6\u00fd\u00adgi ro\u00adma\u00adny.<br \/>\na Fren\u00adsiz Skott Fis\u00adje\u00adral\u00addy\u0148 \u201cSeni\u0148 \u00fc\u00e7in janymy bererdim\u201d ro\u00adma\u00adny. \u00d6\u0148\u00fc\u00admiz\u00add\u00e4\u00adki ba\u00adhar\u00adda \u201cBe\u00ad\u00fdik Gets\u00adbi\u00adni\u0148\u201d aw\u00adto\u00adry ge\u00e7\u00admi\u015f\u00adden bi\u00adze sa\u00adlam \u00fdol\u00adlar. On\u00adda aw\u00adto\u00adry\u0148 ge\u00ad\u00e7en asy\u00adry\u0148 30-njy \u00fdyl\u00adla\u00adryn\u00adda \u00fda\u00adzan we mun\u00addan ozal \u00e7ap edil\u00adme\u00addik he\u00adka\u00ad\u00fda\u00adla\u00adry \u00fder\u00adle\u015f\u00addi\u00adri\u00adler.<br \/>\na \u201cD\u00f6\u00adre\u00ad\u00fdi\u015f\u201d, Den Braun. \u015eu \u00fdy\u00adly\u0148 g\u00fc\u00fd\u00adz\u00fcn\u00adde Den Braun \u201cD\u00f6\u00adre\u00ad\u00fdi\u015f\u201d di\u00fd\u00adlip at\u00adlan\u00addy\u00adry\u00adlan b\u00e4\u00ad\u015fin\u00adji ro\u00adma\u00adny bi\u00adlen be\u00adgen\u00addi\u00adrer. Ro\u00adman 2017-nji \u00fdy\u00adly\u0148 26-njy okt\u00ad\u00fdab\u00adryn\u00adda ne\u00ad\u015fir edi\u00adler.<br \/>\na \u201cMar\u00adky\u0148 i\u015fi\u00adni\u0148 g\u00f6\u00adr\u00fcl\u00adme\u00adgi\u201d, We\u00adre\u00adni\u00adko Rot. Eser\u00adde ba\u015f\u00adga pla\u00adne\u00adta d\u00fc\u00ad\u015f\u00fcp, kyn \u00fdag\u00adda\u00fd\u00adda ga\u00adlan \u00fda\u015f\u00adla\u00adry\u0148 yk\u00adba\u00adly ba\u00adra\u00adda g\u00fcr\u00adr\u00fc\u0148 be\u00adril\u00ad\u00fd\u00e4r.<br \/>\na \u201cGy\u00ad\u015fy\u0148 \u00fde\u00adli\u201d, Jorj Mar\u00adtin. Fan\u00adtast \u00fda\u00adzy\u00adjy\u00adny\u0148 mu\u015f\u00addak\u00adla\u00adry \u201cBu\u00adzu\u0148 we ala\u00adwy\u0148 a\u00fd\u00addy\u00admy\u00adny\u0148\u201d 6-njy jil\u00addi\u00adne sa\u00adbyr\u00adsyz\u00adlyk bi\u00adlen ga\u00adra\u015f\u00ad\u00fdar\u00adlar. Ki\u00adtap \u015fu \u00fdy\u00adly\u0148 9-njy mar\u00adtyn\u00adda sa\u00adtu\u00adwa \u00e7y\u00adka\u00adry\u00adlar.<br \/>\na \u201cMil\u00adle\u00adniu\u00admy\u00adny\u0148 do\u00adwa\u00admy\u201d, Da\u00adwid La\u00adgek\u00adran\u00ads. Da\u00adwid La\u00adgek\u00adrans \u201cMen Zla\u00adtan\u201d we \u201cOt bi\u00adlen o\u00fd\u00adna\u00ad\u00fdan gyz\u201d \u00fda\u00adly ro\u00adman\u00adla\u00adry\u0148 aw\u00adtor\u00adla\u00adry bo\u00adlup, onu\u0148 in\u00addi\u00adki ki\u00adta\u00adby \u015fu \u00fdy\u00adly\u0148 g\u00fc\u00fd\u00adz\u00fcn\u00adde ne\u00ad\u015fir edi\u00adler.<\/p>\n","protected":false},"excerpt":{"rendered":"<p>Ge\u00ad\u00e7en \u00fdy\u00adly\u0148 ahy\u00adryn\u00adda \u00fda\u00adpon \u00fda\u00adzy\u00adjy\u00adsy Ha\u00adru\u00adki Mu\u00adra\u00adka\u00admi 2017-nji \u00fdy\u00adly\u0148 few\u00adra\u00adlyn\u00adda t\u00e4\u00adze ro\u00adma\u00adny\u00adny\u0148 \u00e7yk\u00adjak\u00addy\u00adgy\u00adny m\u00e4\u00adlim et\u00addi. \u00dd\u00f6\u00adne ki\u00adta\u00adby\u0148 n\u00e4\u00adhi\u00adli at\u00adlan\u00addy\u00adryl\u00adjak\u00addy\u00adgy ba\u00adra\u00adda ha\u00adbar be\u00adril\u00adme\u00addi. a \u201cAl\u00adba\u00fd\u201d, \u00c7ak Pa\u00adla\u00adnik. Bel\u00adli \u00fda\u00adzy\u00adjy so\u0148\u00adky \u00fdyl\u00adlar\u00adda \u00f6z mu\u015f\u00addak\u00adla\u00adry\u00adna re\u0148k\u00adli su\u00adrat\u00adlar bi\u00adlen be\u00adze\u00adlen d\u00fcr\u00adli he\u00adka\u00ad\u00fda\u00adlar \u00fdy\u00adgyn\u00addy\u00adsy\u00adny h\u00f6\u00add\u00fcr\u00adle\u00addi. a \u201cT\u00fc\u00adke\u00adnik\u00adsiz de\u00adgi\u015f\u00adme\u201d, De\u00adwid Fos\u00adter Uol\u00adles. Bu eser 20 \u00fdyl mun\u00addan ozal AB\u015e-da ne\u00ad\u015fir edi\u00adlen [&hellip;]<\/p>\n","protected":false},"author":1,"featured_media":5351,"comment_status":"open","ping_status":"closed","sticky":false,"template":"","format":"standard","meta":{"footnotes":""},"categories":[11],"tags":[],"acf":[],"_links":{"self":[{"href":"https:\/\/zamanturkmenistan.com.tm\/index.php?rest_route=\/wp\/v2\/posts\/5350"}],"collection":[{"href":"https:\/\/zamanturkmenistan.com.tm\/index.php?rest_route=\/wp\/v2\/posts"}],"about":[{"href":"https:\/\/zamanturkmenistan.com.tm\/index.php?rest_route=\/wp\/v2\/types\/post"}],"author":[{"embeddable":true,"href":"https:\/\/zamanturkmenistan.com.tm\/index.php?rest_route=\/wp\/v2\/users\/1"}],"replies":[{"embeddable":true,"href":"https:\/\/zamanturkmenistan.com.tm\/index.php?rest_route=%2Fwp%2Fv2%2Fcomments&post=5350"}],"version-history":[{"count":0,"href":"https:\/\/zamanturkmenistan.com.tm\/index.php?rest_route=\/wp\/v2\/posts\/5350\/revisions"}],"wp:featuredmedia":[{"embeddable":true,"href":"https:\/\/zamanturkmenistan.com.tm\/index.php?rest_route=\/wp\/v2\/media\/5351"}],"wp:attachment":[{"href":"https:\/\/zamanturkmenistan.com.tm\/index.php?rest_route=%2Fwp%2Fv2%2Fmedia&parent=5350"}],"wp:term":[{"taxonomy":"category","embeddable":true,"href":"https:\/\/zamanturkmenistan.com.tm\/index.php?rest_route=%2Fwp%2Fv2%2Fcategories&post=5350"},{"taxonomy":"post_tag","embeddable":true,"href":"https:\/\/zamanturkmenistan.com.tm\/index.php?rest_route=%2Fwp%2Fv2%2Ftags&post=5350"}],"curies":[{"name":"wp","href":"https:\/\/api.w.org\/{rel}","templated":true}]}}