{"id":53772,"date":"2022-01-08T10:44:29","date_gmt":"2022-01-08T05:44:29","guid":{"rendered":"https:\/\/zamanturkmenistan.com.tm\/?p=53772"},"modified":"2022-01-08T10:44:29","modified_gmt":"2022-01-08T05:44:29","slug":"hormatly-prezidentimiz-awiasiya-isini-ygtyyarlylandyrmak-hakyndaky-duzgunnamany-tassyklamak-baradaky-karara-gol-cekdi","status":"publish","type":"post","link":"https:\/\/zamanturkmenistan.com.tm\/?p=53772","title":{"rendered":"Hormatly Prezidentimiz \u00abAwiasi\u00fda i\u015fini ygty\u00fdarlylandyrmak hakyndaky D\u00fczg\u00fcnnamany tassyklamak baradaky\u00bb Karara gol \u00e7ekdi"},"content":{"rendered":"<p>7-nji \u00fdanwarda ge\u00e7irlen sanly ulgam arkaly Ministrler Kabinetini\u0148 t\u00e4ze \u00fdyldaky ilkinji mejlisinde Ministrler Kabinetini\u0148 \u00fdanyndaky Ulag we kommunikasi\u00fdalar agentligini\u0148 Ba\u015f direktory M.\u00c7aky\u00fdew \u00abAwiasi\u00fda i\u015fini ygty\u00fdarlylandyrmak hakyndaky D\u00fczg\u00fcnnamany tassyklamak baradaky\u00bb Karary\u0148 taslamasy bo\u00fdun\u00e7a hasabat berdi.<\/p>\n<p>\u201cI\u015fi\u0148 a\u00fdry-a\u00fdry g\u00f6rn\u00fc\u015flerini ygty\u00fdarlylandyrmak hakynda\u201d T\u00fcrkmenistany\u0148 Kanunyny \u00fderine \u00fdetirmek maksady bilen, \u015fe\u00fdle hem \u201cT\u00fcrkmenistanda ygty\u00fdarlylandyrmak i\u015fini guramagy k\u00e4mille\u015fdirmek hakynda\u201d T\u00fcrkmenistany\u0148 Prezidentini\u0148 2020-nji \u00fdyly\u0148 29-njy ma\u00fdynda \u00e7ykaran Kararyna la\u00fdyklykda, Mali\u00fde we ykdysady\u00fdet ministrligini\u0148 Adalat ministrligi bilen bilelikde degi\u015fli D\u00fczg\u00fcnnamany\u0148 taslamasyny ta\u00fd\u00fdarlandygy habar berildi.<\/p>\n<p>Hormatly Prezidentimiz hasabaty di\u0148l\u00e4p, awiasi\u00fdany\u0148 dolandyry\u015f ulgamyna h\u00e4zirki zaman usullaryny, menejmenti gi\u0148den orna\u015fdyrmak baradaky meselelere \u00fcnsi \u00e7ekdi. Munu\u0148 \u00f6zi h\u00e4zirki d\u00f6wr\u00fc\u0148 anyk \u00fdagda\u00fdlary bilen \u015fertlenendir hem-de \u00f6\u0148de go\u00fdlan wezipeleri babatda d\u00f6wlet d\u00fcz\u00fcmlerini\u0148 i\u015fini mundan be\u00fdl\u00e4k-de k\u00e4mille\u015fdirmegi\u0148 m\u00f6h\u00fcm ugrudyr.<\/p>\n<p>\u015eunu\u0148 bilen baglylykda, milli Liderimiz h\u00f6d\u00fcrlenen resminama gol \u00e7ekdi hem-de ony sanly ulgam arkaly Agentligi\u0148 \u00fdolba\u015f\u00e7ysyna iberip, onu\u0148 \u00fderine \u00fdetirili\u015fine g\u00f6zeg\u00e7ilik etmek barada degi\u015fli g\u00f6rkezmeleri berdi.<\/p>\n<p>So\u0148ra d\u00f6wlet Ba\u015ftutanymyz \u00fdurdumyzda pudaklary sanly ulgama ge\u00e7irmek i\u015fini \u00e7altlandyrmagy\u0148 hem-de ilat \u00fc\u00e7in radio alyp e\u015fitdiri\u015f ulgamyny gowulandyrmagy\u0148 zerurdygyny a\u00fddyp, agentligi\u0148 \u00fdolba\u015f\u00e7ysyna \u00fdagda\u00fdlary seljermegi we i\u015fleri talabala\u00fdyk \u00fdola go\u00fdmak \u00fc\u00e7in zerur \u00e7\u00e4releri g\u00f6rmegi tab\u015fyrdy.<\/p>\n","protected":false},"excerpt":{"rendered":"<p>7-nji \u00fdanwarda ge\u00e7irlen sanly ulgam arkaly Ministrler Kabinetini\u0148 t\u00e4ze \u00fdyldaky ilkinji mejlisinde Ministrler Kabinetini\u0148 \u00fdanyndaky Ulag we kommunikasi\u00fdalar agentligini\u0148 Ba\u015f direktory M.\u00c7aky\u00fdew \u00abAwiasi\u00fda i\u015fini ygty\u00fdarlylandyrmak hakyndaky D\u00fczg\u00fcnnamany tassyklamak baradaky\u00bb Karary\u0148 taslamasy bo\u00fdun\u00e7a hasabat berdi. \u201cI\u015fi\u0148 a\u00fdry-a\u00fdry g\u00f6rn\u00fc\u015flerini ygty\u00fdarlylandyrmak hakynda\u201d T\u00fcrkmenistany\u0148 Kanunyny \u00fderine \u00fdetirmek maksady bilen, \u015fe\u00fdle hem \u201cT\u00fcrkmenistanda ygty\u00fdarlylandyrmak i\u015fini guramagy k\u00e4mille\u015fdirmek hakynda\u201d T\u00fcrkmenistany\u0148 Prezidentini\u0148 [&hellip;]<\/p>\n","protected":false},"author":2,"featured_media":37396,"comment_status":"open","ping_status":"closed","sticky":false,"template":"","format":"standard","meta":{"footnotes":""},"categories":[3],"tags":[],"acf":[],"_links":{"self":[{"href":"https:\/\/zamanturkmenistan.com.tm\/index.php?rest_route=\/wp\/v2\/posts\/53772"}],"collection":[{"href":"https:\/\/zamanturkmenistan.com.tm\/index.php?rest_route=\/wp\/v2\/posts"}],"about":[{"href":"https:\/\/zamanturkmenistan.com.tm\/index.php?rest_route=\/wp\/v2\/types\/post"}],"author":[{"embeddable":true,"href":"https:\/\/zamanturkmenistan.com.tm\/index.php?rest_route=\/wp\/v2\/users\/2"}],"replies":[{"embeddable":true,"href":"https:\/\/zamanturkmenistan.com.tm\/index.php?rest_route=%2Fwp%2Fv2%2Fcomments&post=53772"}],"version-history":[{"count":0,"href":"https:\/\/zamanturkmenistan.com.tm\/index.php?rest_route=\/wp\/v2\/posts\/53772\/revisions"}],"wp:featuredmedia":[{"embeddable":true,"href":"https:\/\/zamanturkmenistan.com.tm\/index.php?rest_route=\/wp\/v2\/media\/37396"}],"wp:attachment":[{"href":"https:\/\/zamanturkmenistan.com.tm\/index.php?rest_route=%2Fwp%2Fv2%2Fmedia&parent=53772"}],"wp:term":[{"taxonomy":"category","embeddable":true,"href":"https:\/\/zamanturkmenistan.com.tm\/index.php?rest_route=%2Fwp%2Fv2%2Fcategories&post=53772"},{"taxonomy":"post_tag","embeddable":true,"href":"https:\/\/zamanturkmenistan.com.tm\/index.php?rest_route=%2Fwp%2Fv2%2Ftags&post=53772"}],"curies":[{"name":"wp","href":"https:\/\/api.w.org\/{rel}","templated":true}]}}