{"id":53780,"date":"2022-01-08T11:02:48","date_gmt":"2022-01-08T06:02:48","guid":{"rendered":"https:\/\/zamanturkmenistan.com.tm\/?p=53780"},"modified":"2022-01-08T11:02:48","modified_gmt":"2022-01-08T06:02:48","slug":"fewral-ayynda-halk-maslahatynyn-nobatdan-dasary-mejlisi-geciriler","status":"publish","type":"post","link":"https:\/\/zamanturkmenistan.com.tm\/?p=53780","title":{"rendered":"Fewral a\u00fdynda Halk Maslahatyny\u0148 nobatdan da\u015fary mejlisi ge\u00e7iriler"},"content":{"rendered":"<p>7-nji \u00fdanwarda hormatly Prezidentimiz sanly ulgam arkaly Ministrler Kabinetini\u0148 t\u00e4ze \u00fdyldaky ilkinji mejlisini ge\u00e7irdi. Onda d\u00f6wlet durmu\u015fyny\u0148 ileri tutul\u00fdan meseleleri ara alnyp maslahatla\u015fyldy hem-de birn\u00e4\u00e7e resminamalary\u0148 taslamalaryna garaldy.<\/p>\n<p>Mejlisi\u0148 dowamynda hormatly Prezidentimiz \u00fdene-de bir uly maksatnamany\u0148 \u00fcst\u00fcnde i\u015flemegi\u0148 maksadala\u00fdyk boljakdygyny belledi.<\/p>\n<p>\u00abT\u00fcrkmenistan \u2014 parahat\u00e7ylygy\u0148 we ynany\u015fmagy\u0148 Watany\u00bb \u00fdylynda biz m\u00e4hriban Watanymyzy\u0148 Gara\u015fsyzlygyny\u0148 30 \u00fdyllyk \u015fanly ba\u00fdramyny gi\u0148den bell\u00e4p ge\u00e7dik. Gara\u015fsyzlyk bolsa bizi\u0148 gazanan be\u00fdik \u00fcst\u00fcnliklerimizi\u0148 bin\u00fdadydyr. Ge\u00e7en otuz \u00fdyly\u0148 i\u00e7inde \u00fdurdumyzda \u00f6r\u00e4n k\u00f6p i\u015fler bitirildi, taryhy ta\u00fddan \u015fu gysga d\u00f6w\u00fcrde biz \u00e4girt uly \u00fcst\u00fcnlikleri gazandyk.<\/p>\n<p>Umuman, biz T\u00e4ze Galkyny\u015f we be\u00fdik \u00f6zgertmeler zamanynda hem-de Berkarar d\u00f6wletimizi\u0148 bagty\u00fdarlyk d\u00f6wr\u00fcnde gi\u0148 gerimli durmu\u015f, sy\u00fdasy we ykdysady \u00f6zgertmeleri durmu\u015fa ge\u00e7irdik. Sy\u00fdasy ta\u00fddan durnukly we agzybir jemgy\u00fdetimizde m\u00e4hriban halkymyz \u00f6z bell\u00e4n maksatlaryny ynamly amala a\u015fyrdy di\u00fdip d\u00f6wlet Ba\u015ftutanymyz a\u00fdtdy we \u015fe\u00fdlelikde, durnukly sy\u00fdasy, ykdysady we durmu\u015f ta\u00fddan \u00f6s\u00fc\u015fi gazanmagy\u0148 ba\u015fardandygyny belledi.<\/p>\n<p>Biz d\u00f6wletimizi\u0148 ykbaly, nesillerimizi\u0148 geljegi \u00fc\u00e7in uly jogapk\u00e4r\u00e7ilik \u00e7ek\u00fd\u00e4ris. \u015eo\u0148a g\u00f6r\u00e4-de, indi bizi\u0148 \u00f6\u0148\u00fcmizde \u015fe\u00fdle uly wezipe dur\u00fdar: biz d\u00f6wletimizi we onu\u0148 institutlaryny geljek 30 \u00fdylda \u00f6sd\u00fcrmegi\u0148 esasy ugurlaryny kesgitlemelidiris hem-de d\u00fczmelidiris di\u00fdip, d\u00f6wlet Ba\u015ftutanymyz a\u00fdtdy.<\/p>\n<p>\u015eunu\u0148 bilen baglylykda, milli Liderimiz fewral a\u00fdyny\u0148 ba\u015fynda Halk Maslahatyny\u0148 nobatdan da\u015fary mejlisini ge\u00e7irmegi teklip etdi. Mejlisde geljek 30 \u00fdylda \u00fdurdumyzy \u00f6sd\u00fcrmegi\u0148 Maksatnamasyna seretmeli we ony tassyklamaly. \u015ee\u00fdle hem 2021-nji \u00fdylda alnyp barlan i\u015fleri\u0148 jemlerini jeml\u00e4p, \u015fu \u00fdyl \u00fc\u00e7in wezipeleri kesgitlemeli di\u00fdip hormatly Prezidentimiz nygtady.<\/p>\n<p>D\u00f6wlet Ba\u015ftutanymyz Halk Maslahatyny\u0148 nobatdan da\u015fary mejlisini ge\u00e7irmek bilen bagly \u00e4hli i\u015fleri umumy utga\u015fdyrmagy Ministrler Kabinetini\u0148 Ba\u015flygyny\u0148 orunbasary Serdar Berdimuhamedowa, Milli Ge\u0148e\u015fi\u0148 Mejlisini\u0148 Ba\u015flygy G.M\u00e4mmedowa we Halk Maslahatyny\u0148 Ba\u015flygyny\u0148 orunbasary K.Baba\u00fdewe tab\u015fyrdy.<\/p>\n<p>\u015ee\u00fdle hem milli Liderimiz H\u00f6k\u00fcmeti\u0148 \u00e4hli agzalaryna Halk Maslahatyny\u0148 bu mejlisine gowy ta\u00fd\u00fdarlyk g\u00f6rmegi tab\u015fyrdy.<\/p>\n","protected":false},"excerpt":{"rendered":"<p>7-nji \u00fdanwarda hormatly Prezidentimiz sanly ulgam arkaly Ministrler Kabinetini\u0148 t\u00e4ze \u00fdyldaky ilkinji mejlisini ge\u00e7irdi. Onda d\u00f6wlet durmu\u015fyny\u0148 ileri tutul\u00fdan meseleleri ara alnyp maslahatla\u015fyldy hem-de birn\u00e4\u00e7e resminamalary\u0148 taslamalaryna garaldy. Mejlisi\u0148 dowamynda hormatly Prezidentimiz \u00fdene-de bir uly maksatnamany\u0148 \u00fcst\u00fcnde i\u015flemegi\u0148 maksadala\u00fdyk boljakdygyny belledi. \u00abT\u00fcrkmenistan \u2014 parahat\u00e7ylygy\u0148 we ynany\u015fmagy\u0148 Watany\u00bb \u00fdylynda biz m\u00e4hriban Watanymyzy\u0148 Gara\u015fsyzlygyny\u0148 30 \u00fdyllyk \u015fanly [&hellip;]<\/p>\n","protected":false},"author":2,"featured_media":53781,"comment_status":"open","ping_status":"closed","sticky":false,"template":"","format":"standard","meta":{"footnotes":""},"categories":[3],"tags":[],"acf":[],"_links":{"self":[{"href":"https:\/\/zamanturkmenistan.com.tm\/index.php?rest_route=\/wp\/v2\/posts\/53780"}],"collection":[{"href":"https:\/\/zamanturkmenistan.com.tm\/index.php?rest_route=\/wp\/v2\/posts"}],"about":[{"href":"https:\/\/zamanturkmenistan.com.tm\/index.php?rest_route=\/wp\/v2\/types\/post"}],"author":[{"embeddable":true,"href":"https:\/\/zamanturkmenistan.com.tm\/index.php?rest_route=\/wp\/v2\/users\/2"}],"replies":[{"embeddable":true,"href":"https:\/\/zamanturkmenistan.com.tm\/index.php?rest_route=%2Fwp%2Fv2%2Fcomments&post=53780"}],"version-history":[{"count":0,"href":"https:\/\/zamanturkmenistan.com.tm\/index.php?rest_route=\/wp\/v2\/posts\/53780\/revisions"}],"wp:featuredmedia":[{"embeddable":true,"href":"https:\/\/zamanturkmenistan.com.tm\/index.php?rest_route=\/wp\/v2\/media\/53781"}],"wp:attachment":[{"href":"https:\/\/zamanturkmenistan.com.tm\/index.php?rest_route=%2Fwp%2Fv2%2Fmedia&parent=53780"}],"wp:term":[{"taxonomy":"category","embeddable":true,"href":"https:\/\/zamanturkmenistan.com.tm\/index.php?rest_route=%2Fwp%2Fv2%2Fcategories&post=53780"},{"taxonomy":"post_tag","embeddable":true,"href":"https:\/\/zamanturkmenistan.com.tm\/index.php?rest_route=%2Fwp%2Fv2%2Ftags&post=53780"}],"curies":[{"name":"wp","href":"https:\/\/api.w.org\/{rel}","templated":true}]}}