{"id":53783,"date":"2022-01-08T11:04:11","date_gmt":"2022-01-08T06:04:11","guid":{"rendered":"https:\/\/zamanturkmenistan.com.tm\/?p=53783"},"modified":"2022-01-08T11:04:11","modified_gmt":"2022-01-08T06:04:11","slug":"turkmenistanyn-wekiliyeti-tahranda-gulluk-is-saparynda-bolar","status":"publish","type":"post","link":"https:\/\/zamanturkmenistan.com.tm\/?p=53783","title":{"rendered":"T\u00fcrkmenistany\u0148 wekili\u00fdeti T\u00e4hranda gulluk i\u015f saparynda bolar"},"content":{"rendered":"<p>7-nji \u00fdanwarda ge\u00e7irlen sanly ulgam arkaly Ministrler Kabinetini\u0148 t\u00e4ze \u00fdyldaky ilkinji mejlisinde\u00a0 T\u00fcrkmenistany\u0148 Prezidenti Bu\u00fdruga gol \u00e7ekdi. Resminama la\u00fdyklykda, T\u00fcrkmenistan bilen E\u00fdran Yslam Respublikasyny\u0148 arasynda \u00fdola go\u00fdlan gatna\u015fyklary\u0148 m\u00f6h\u00fcm ugurlary bo\u00fdun\u00e7a i\u015f du\u015fu\u015fyklaryny ge\u00e7irmek \u00fc\u00e7in T\u00fcrkmenistany\u0148 wekili\u00fdeti E\u00fdran Yslam Respublikasyny\u0148 T\u00e4hran \u015f\u00e4herinde gulluk i\u015f saparynda bolar.<\/p>\n","protected":false},"excerpt":{"rendered":"<p>7-nji \u00fdanwarda ge\u00e7irlen sanly ulgam arkaly Ministrler Kabinetini\u0148 t\u00e4ze \u00fdyldaky ilkinji mejlisinde\u00a0 T\u00fcrkmenistany\u0148 Prezidenti Bu\u00fdruga gol \u00e7ekdi. Resminama la\u00fdyklykda, T\u00fcrkmenistan bilen E\u00fdran Yslam Respublikasyny\u0148 arasynda \u00fdola go\u00fdlan gatna\u015fyklary\u0148 m\u00f6h\u00fcm ugurlary bo\u00fdun\u00e7a i\u015f du\u015fu\u015fyklaryny ge\u00e7irmek \u00fc\u00e7in T\u00fcrkmenistany\u0148 wekili\u00fdeti E\u00fdran Yslam Respublikasyny\u0148 T\u00e4hran \u015f\u00e4herinde gulluk i\u015f saparynda bolar.<\/p>\n","protected":false},"author":2,"featured_media":53784,"comment_status":"open","ping_status":"closed","sticky":false,"template":"","format":"standard","meta":{"footnotes":""},"categories":[3],"tags":[],"acf":[],"_links":{"self":[{"href":"https:\/\/zamanturkmenistan.com.tm\/index.php?rest_route=\/wp\/v2\/posts\/53783"}],"collection":[{"href":"https:\/\/zamanturkmenistan.com.tm\/index.php?rest_route=\/wp\/v2\/posts"}],"about":[{"href":"https:\/\/zamanturkmenistan.com.tm\/index.php?rest_route=\/wp\/v2\/types\/post"}],"author":[{"embeddable":true,"href":"https:\/\/zamanturkmenistan.com.tm\/index.php?rest_route=\/wp\/v2\/users\/2"}],"replies":[{"embeddable":true,"href":"https:\/\/zamanturkmenistan.com.tm\/index.php?rest_route=%2Fwp%2Fv2%2Fcomments&post=53783"}],"version-history":[{"count":0,"href":"https:\/\/zamanturkmenistan.com.tm\/index.php?rest_route=\/wp\/v2\/posts\/53783\/revisions"}],"wp:featuredmedia":[{"embeddable":true,"href":"https:\/\/zamanturkmenistan.com.tm\/index.php?rest_route=\/wp\/v2\/media\/53784"}],"wp:attachment":[{"href":"https:\/\/zamanturkmenistan.com.tm\/index.php?rest_route=%2Fwp%2Fv2%2Fmedia&parent=53783"}],"wp:term":[{"taxonomy":"category","embeddable":true,"href":"https:\/\/zamanturkmenistan.com.tm\/index.php?rest_route=%2Fwp%2Fv2%2Fcategories&post=53783"},{"taxonomy":"post_tag","embeddable":true,"href":"https:\/\/zamanturkmenistan.com.tm\/index.php?rest_route=%2Fwp%2Fv2%2Ftags&post=53783"}],"curies":[{"name":"wp","href":"https:\/\/api.w.org\/{rel}","templated":true}]}}