{"id":53804,"date":"2022-01-08T09:25:42","date_gmt":"2022-01-08T04:25:42","guid":{"rendered":"https:\/\/zamanturkmenistan.com.tm\/?p=53804"},"modified":"2022-01-08T13:38:33","modified_gmt":"2022-01-08T08:38:33","slug":"gunun-gelsi-saherinden-yylyn-gelsi-aheninden","status":"publish","type":"post","link":"https:\/\/zamanturkmenistan.com.tm\/?p=53804","title":{"rendered":"G\u00fcn\u00fc\u0148 gel\u015fi \u015f\u00e4herinden, \u00fdyly\u0148 gel\u015fi \u00e4he\u0148inden&#8230;"},"content":{"rendered":"<p>Indi Eziz Watanymyzda her \u00fdyly\u0148 d\u00f6wrebap atlandyrylmagy asylly d\u00e4be \u00f6wr\u00fcldi. M\u00e4lim bol\u015fy \u00fdaly, 2021-nji \u00fdyly\u0148 27-nji dekabrynda \u00fdurdumyzy\u0148 d\u00f6wlet edaralaryndan, guramalaryndan, k\u00e4rhanalaryndan, iri jemgy\u00fdet\u00e7ilik birle\u015fiklerinden we ra\u00fdatlarymyzdan gelip gow\u015fan hem-de \u00e4hli halkymyz tarapyndan gi\u0148den goldanylan k\u00f6p sanly teklipler nazara alnyp, T\u00fcrkmenistany\u0148 Milli Ge\u0148e\u015fini\u0148 Mejlisini\u0148 karary esasynda 2022-nji \u00fdyl \u201cHalky\u0148 Arkadagly zamanasy\u201d di\u00fdlip yglan edildi. Munu\u0148 \u00f6zi, Gara\u015fsyz, hemi\u015felik Bitarap T\u00fcrkmenistany\u0148 agzybir halkyny\u0148 \u00fdurdumyzy\u0148 we jemgy\u00fdetimizi\u0148 durmu\u015fynda bolup ge\u00e7\u00fd\u00e4n guwandyryjy taryhy wakalary, sy\u00fdasatda, ykdysady\u00fdetde we medeni-durmu\u015f ugurlarynda gazanyl\u00fdan \u00fcst\u00fcnlikleri Arkadag Prezidentimizi\u0148 ady bilen a\u00fdrylmaz baglan\u015fyklydygyna pugta ynan\u00fdandygyndan g\u00f6zba\u015f al\u00fdar. Hut \u015fo\u0148a g\u00f6r\u00e4-de, t\u00fcrkmen halkyny\u0148 \u00f6z Arkadagyna, onu\u0148 p\u00e4him-pa\u00fdhasdan g\u00f6zba\u015f al\u00fdan ynsanperwer sy\u00fdasatyna, gur\u00fdan adalatly ra\u00fdat jemgy\u00fdetini\u0148 \u00fdagty geljegine bolan synmaz ynamy bolup dur\u00fdar.<\/p>\n<p>Bu \u015fygar hormatly Prezidentimizi\u0148 \u00f6s\u00fc\u015f arkaly d\u00fcn\u00fd\u00e4ni\u0148 parahat\u00e7ylygyny pugtalandyrmak maksatly gi\u0148 gerimli i\u015flerini, \u00fdurdumyzy\u0148 d\u00fcrli ulgamlarynda amala a\u015fyryl\u00fdan \u00f6zgertmelerini, \u015fe\u00fdle hem be\u00fdik ba\u015flangy\u00e7lary\u0148 \u00fda\u015fa\u00fd\u015fymyza orna\u015fdyryl\u00fdan zamanasyny gi\u0148den wagyz ed\u00fd\u00e4r. \u00c4hli ilde\u015flerimiz tarapyndan biragyzdan goldanan \u00fdylymyzy\u0148 ba\u015f \u015fygary eziz Arkadagymyzy\u0148 umumadamzat b\u00e4hbitli durmu\u015fa orna\u015fdyr\u00fdan \u00f6zgertmelerine bolan \u00e7\u00e4ksiz hormaty\u0148, s\u00f6\u00fdgini\u0148, e\u015fretli ertirlerimizi\u0148 nurana \u00fdollaryna bolan ynamy\u0148 dabaralandyrylmasydyr.<\/p>\n<p>T\u00e4ze \u00fdyly\u0148 \u015fygary hormatly Prezidentimizi\u0148 il-\u00fdurt b\u00e4hbitli, umumadamzat \u00e4hmi\u00fdetli tagallalaryny\u0148 netijelerine, durmu\u015f-ykdysady, medeni-ynsanperwer, ylym-bilim ulgamlarynda gazanylan sepgitlere, Gahryman Arkadagymyzy\u0148 bagty\u00fdar zamanasyny esaslandyrmagyna we rowa\u00e7landyrmagyna, halkymyzy hem-de Watanymyzy t\u00e4ze belent derejelere \u00fdetirmegine bildiril\u00fd\u00e4n belent hormaty\u0148 a\u00fddy\u0148 ny\u015fanydyr.<\/p>\n<p>Berkarar d\u00f6wletimizi\u0148 bagty\u00fdarlyk d\u00f6wr\u00fcnde \u201c\u00dda\u015fasyn parahat durmu\u015f!\u201d di\u00fdip, d\u00fcn\u00fd\u00e4ni parahat\u00e7ylyga, abadan\u00e7ylyga, agzybirlige we bagty\u00fdarlyga \u00e7agyr\u00fdan Milli Liderimizi\u0148 parasatly ba\u015ftutanlygynda \u00fdurdumyz \u00fcst\u00fcnlikli we netijeli durmu\u015f-ykdysady \u00f6zgertmeleri ge\u00e7irip, batly gadamlar bilen \u00f6\u0148e bar\u00fdar. Be\u00fdik i\u015fleri\u0148, \u00f6s\u00fc\u015flere beslen\u00fd\u00e4n d\u00f6wr\u00fc\u0148 gatna\u015fyjysy bolan t\u00fcrkmen halky nesillerden-nesillere ge\u00e7\u00fd\u00e4n asylly d\u00e4plerini dowam edip, k\u00e4mille\u015fdirip, ruhubelentlik bilen\u00a0 d\u00f6red\u00fd\u00e4r we gur\u00fdar.<\/p>\n<p>Hormatly Prezidentimizi\u0148 T\u00e4ze \u00fdyly\u0148 gar\u015fylan\u00fdan ilkinji pursatlarynda ata-Watanymyzy\u0148 \u00fdeten belent derejesini, rowa\u00e7lyklara beslen\u00fd\u00e4n a\u00fddy\u0148 menzillerini wasp edip \u00fdazan \u201cJan Watanym T\u00fcrkmenistan!\u201d atly t\u00e4ze go\u015fgusyny okamagy hemm\u00e4miz \u00fc\u00e7in aja\u00fdyp ba\u00fdram\u00e7ylyk sowgady boldy.<\/p>\n<p>Go\u015fgyny\u0148 mazmunynda d\u00f6wletliligi\u0148, watans\u00f6\u00fd\u00fcjiligi\u0148 d\u00f6wr\u00fc\u0148, ruhubelentligi\u0148, d\u00f6redijiligi\u0148, \u00fdag\u015fy arzuw-ni\u00fdetleri\u0148 in\u00e7e, ynsanperwer we nepis be\u00fdany \u00fda\u0148lan\u00fdar. Gahryman Arkadagymyzy\u0148 T\u00fcrkmenistan Watanymyza bolan \u00e7\u00e4ksiz s\u00f6\u00fdg\u00fcsini\u0148 \u00e7u\u0148\u0148ur pelsepewi manysyna go\u015fgyny\u0148 deslapky bendini okany\u0148da-da a\u00fddy\u0148 g\u00f6z \u00fdetirmek bol\u00fdar.<\/p>\n<p><em>Be\u00fdik d\u00f6wlet, eziz \u00fclke, dogduk depe, asly mekan,<\/em><\/p>\n<p><em>\u00c4hlijesi seni\u0148 \u00f6z\u00fc\u0148, jan Watanym T\u00fcrkmenistan!<\/em><\/p>\n<p><em>Keremlidir ene toprak, keramatdyr mawy asman,<\/em><\/p>\n<p><em>Edermendir ogul-gyzy\u0148, jan Watanym T\u00fcrkmenistan!<\/em><\/p>\n<p>Halky\u0148 ruhy ba\u00fdlygyny\u0148 esasyny d\u00fcz\u00fd\u00e4n gymmatlyklary\u0148 m\u00f6h\u00fcm b\u00f6legi bolup dur\u00fdan milli Liderimizi\u0148 \u015fahyrana d\u00f6redijiligi, ylmy-amaly, sy\u00fdasy-jemgy\u00fdet\u00e7ilik, \u00e7eper pikirlenmelerini\u0148, gara\u00fdy\u015flaryny\u0148 be\u00fdany bolan nusgalyk kitaplary ynsan ahlagyny\u0148 k\u00e4milligine, terbi\u00fdesine netijeli hyzmat ed\u00fd\u00e4r. Asly \u015fahandaz, d\u00f6rediji we gurujy halk bolan t\u00fcrkmen halky parahat\u00e7ylygy s\u00f6\u00fd\u00fcji, ynsanperwer gara\u00fdy\u015flaryny mydama kitaba, \u00e7eper d\u00f6redijilige, yhlas bilen me\u015fgullanyl\u00fdan senetlere si\u0148diripdir. \u015eonu\u0148 \u00fc\u00e7in halk arasynda d\u00f6redijilige we kitaba ylym-bilimi\u0148 \u00e7e\u015fmesi, pa\u00fdhas \u00e7yragy h\u00f6km\u00fcnde garal\u00fdar.<\/p>\n<p>Hormatly Prezidentimizi\u0148 parasatly \u00fdolba\u015f\u00e7ylygynda ykdysady\u00fdeti\u0148 \u00e4hli ugurlary bo\u00fdun\u00e7a gazanyl\u00fdan durnukly \u00f6s\u00fc\u015fler eziz Di\u00fdarymyzy\u0148 d\u00fcn\u00fd\u00e4 \u00fd\u00fcz\u00fcnd\u00e4ki mertebesini barha belende galdyr\u00fdar. \u00c4hli ulgamlary\u0148 sazla\u015fykly \u00f6s\u00fc\u015fini gazanmak maksady bilen, \u00fdurdu\u0148 ylmy kuwwatyny artdyrmaga \u00fcns\u00fc\u0148 g\u00fc\u00fd\u00e7lenmegi d\u00f6wletimizi\u0148 d\u00fcn\u00fd\u00e4 bazaryndaky ornuny gi\u0148eltm\u00e4ge t\u00e4ze m\u00fcmkin\u00e7ilikleri a\u00e7\u00fdar. \u00ddangy\u00e7-energetika senagatyny\u0148 \u00f6s\u00fc\u015f depginleri batlan\u00fdar. \u015eonu\u0148 bilen birlikde, ulag ulgamy d\u00fcn\u00fd\u00e4ni\u0148 sy\u00fdasy gi\u0148i\u015fligine \u00e7ykmaga zerur \u015fertleri d\u00f6red\u00fd\u00e4r. Oba hojalyk ulgamyny \u00f6sd\u00fcrmek maksady bilen, da\u00fdhanlara d\u00f6wlet tarapyndan yzygiderli goldawy\u0148 berilmegi bu pudagy\u0148 has-da girdejili bolmagyna o\u0148yn t\u00e4sirini \u00fdetir\u00fd\u00e4r.<\/p>\n<p>\u00ddag\u015fy ni\u00fdetler bilen gar\u015fylanan T\u00e4ze \u00fdyl her bir ynsany saglykda, bagty\u00fdarlykda umyt-arzuwlaryna \u00fdetirsin! Gara\u015fsyz, Bitarap T\u00fcrkmenistany\u0148 halkyny\u0148 ynamyna mynasyp bolup, ilaty\u0148 agzybirligini, jebisligini we i\u015fje\u0148ligini \u00fcpj\u00fcn edip, \u00fdurdumyzy parahat\u00e7ylygy\u0148 we \u00f6s\u00fc\u015fi\u0148 \u00fdoly bilen \u00f6\u0148e alyp bar\u00fdan d\u00f6wlet Ba\u015ftutanymyzy\u0148 jany sag, \u00f6mri uzak, be\u00fdik tutumlary rowa\u00e7 bolsun!<\/p>\n<p style=\"text-align: right;\"><strong>Meret Meredow<\/strong><strong>,<\/strong><\/p>\n<p style=\"text-align: right;\"><strong>S<\/strong><strong>.<\/strong><strong>A<\/strong><strong>. Ny\u00fdazow adyndaky T\u00fcrkmen oba hojalyk uniwersitetini\u0148 uly mugallymy, <\/strong><\/p>\n<p style=\"text-align: right;\"><strong>fizika-matematika ylymlaryny\u0148 doktory, dosent.<\/strong><\/p>\n","protected":false},"excerpt":{"rendered":"<p>Indi Eziz Watanymyzda her \u00fdyly\u0148 d\u00f6wrebap atlandyrylmagy asylly d\u00e4be \u00f6wr\u00fcldi. M\u00e4lim bol\u015fy \u00fdaly, 2021-nji \u00fdyly\u0148 27-nji dekabrynda \u00fdurdumyzy\u0148 d\u00f6wlet edaralaryndan, guramalaryndan, k\u00e4rhanalaryndan, iri jemgy\u00fdet\u00e7ilik birle\u015fiklerinden we ra\u00fdatlarymyzdan gelip gow\u015fan hem-de \u00e4hli halkymyz tarapyndan gi\u0148den goldanylan k\u00f6p sanly teklipler nazara alnyp, T\u00fcrkmenistany\u0148 Milli Ge\u0148e\u015fini\u0148 Mejlisini\u0148 karary esasynda 2022-nji \u00fdyl \u201cHalky\u0148 Arkadagly zamanasy\u201d di\u00fdlip yglan edildi. Munu\u0148 [&hellip;]<\/p>\n","protected":false},"author":2,"featured_media":53349,"comment_status":"open","ping_status":"closed","sticky":false,"template":"","format":"standard","meta":{"footnotes":""},"categories":[4],"tags":[],"acf":[],"_links":{"self":[{"href":"https:\/\/zamanturkmenistan.com.tm\/index.php?rest_route=\/wp\/v2\/posts\/53804"}],"collection":[{"href":"https:\/\/zamanturkmenistan.com.tm\/index.php?rest_route=\/wp\/v2\/posts"}],"about":[{"href":"https:\/\/zamanturkmenistan.com.tm\/index.php?rest_route=\/wp\/v2\/types\/post"}],"author":[{"embeddable":true,"href":"https:\/\/zamanturkmenistan.com.tm\/index.php?rest_route=\/wp\/v2\/users\/2"}],"replies":[{"embeddable":true,"href":"https:\/\/zamanturkmenistan.com.tm\/index.php?rest_route=%2Fwp%2Fv2%2Fcomments&post=53804"}],"version-history":[{"count":0,"href":"https:\/\/zamanturkmenistan.com.tm\/index.php?rest_route=\/wp\/v2\/posts\/53804\/revisions"}],"wp:featuredmedia":[{"embeddable":true,"href":"https:\/\/zamanturkmenistan.com.tm\/index.php?rest_route=\/wp\/v2\/media\/53349"}],"wp:attachment":[{"href":"https:\/\/zamanturkmenistan.com.tm\/index.php?rest_route=%2Fwp%2Fv2%2Fmedia&parent=53804"}],"wp:term":[{"taxonomy":"category","embeddable":true,"href":"https:\/\/zamanturkmenistan.com.tm\/index.php?rest_route=%2Fwp%2Fv2%2Fcategories&post=53804"},{"taxonomy":"post_tag","embeddable":true,"href":"https:\/\/zamanturkmenistan.com.tm\/index.php?rest_route=%2Fwp%2Fv2%2Ftags&post=53804"}],"curies":[{"name":"wp","href":"https:\/\/api.w.org\/{rel}","templated":true}]}}