{"id":54257,"date":"2022-01-19T09:34:46","date_gmt":"2022-01-19T04:34:46","guid":{"rendered":"https:\/\/zamanturkmenistan.com.tm\/?p=54257"},"modified":"2022-01-20T16:39:43","modified_gmt":"2022-01-20T11:39:43","slug":"hormatly-prezidentimiz-taycanaga-zaman-diylip-at-dakdy","status":"publish","type":"post","link":"https:\/\/zamanturkmenistan.com.tm\/?p=54257","title":{"rendered":"Hormatly Prezidentimiz ta\u00fd\u00e7anaga Zaman di\u00fdip at dakdy"},"content":{"rendered":"<p>18-nji \u00fdanwarda hormatly Prezidentimiz ir s\u00e4her bilen K\u00f6petdagy\u0148 etegind\u00e4ki aja\u00fdyp k\u00fcnjekleri\u0148 birinde \u00fderle\u015f\u00fd\u00e4n Halkara ahalteke at\u00e7ylyk sport toplumynda t\u00e4ze ta\u00fd\u00e7anagy\u0148 d\u00fcn\u00fd\u00e4 inendigi baradaky ho\u015f habary e\u015fidip, bu topluma geldi.<\/p>\n<p>Bu \u00fderde i\u015fle\u00fd\u00e4n at\u015fynas milli Liderimizi m\u00e4hirli gar\u015fylap, d\u00f6wlet Ba\u015ftutanymyza t\u00e4ze doglan ta\u00fdy g\u00f6rkezdi.<\/p>\n<p>Hormatly Prezidentimiz at\u015fynas bilen salamla\u015fyp, onu\u0148 i\u015f aladalary, ma\u015fgala durmu\u015fy, hal-ahwallary bilen i\u00e7gin gyzyklandy hem-de onu\u0148 D\u00f6wlet tugramyzda orun alan ahalteke bedewini\u0148 \u015f\u00f6hratyny d\u00fcn\u00fd\u00e4 \u00fda\u00fdmak, \u015f\u00f6hratly pederlerimizi\u0148 d\u00f6reden milli at\u015fynaslyk d\u00e4plerini d\u00f6wrebap derejede \u00f6sd\u00fcrmek \u00fdaly asylly k\u00e4ri\u0148 e\u00fdesidigini belledi. Milli Liderimiz bu ugurda mundan be\u00fdl\u00e4k-de zerur m\u00fcmkin\u00e7ilikleri\u0148 \u00fcpj\u00fcn edilmegi \u00fc\u00e7in d\u00f6wletimiz tarapyndan yzygiderli alada ediljekdigini a\u00fdtdy.<\/p>\n<p>D\u00f6wlet Ba\u015ftutanymyz t\u00e4ze \u00fdyly\u0148 ilkinji g\u00fcnlerinde nurana ta\u00fd\u00e7anagy\u0148 d\u00fcn\u00fd\u00e4 inmegini\u0148 taryhy pursatlary bu\u015fla\u00fdan \u015fatlyga \u00f6wr\u00fclendigini belledi. Milli Liderimiz \u201cAt \u2014 myrat\u201d di\u00fdli\u015fi \u00fdaly, h\u00e4zirki d\u00f6w\u00fcrde pederlerimizden miras galan se\u00fdis\u00e7ilik sungatyny\u0148 d\u00f6wrebap derejede dowam ed\u00fd\u00e4ndigini, behi\u015fdi bedewleri\u0148 g\u00f6wneja\u00fd idedilmegine, olary\u0148 tohum arassalygyny\u0148 goralyp saklanylmagyna m\u00f6h\u00fcm \u00e4hmi\u00fdet beril\u00fd\u00e4ndigini bell\u00e4p, at\u015fynaslara alyp bar\u00fdan asylly i\u015fleri \u00fc\u00e7in minnetdarlyk bildirdi.<\/p>\n<p>T\u00fcrkmenistany\u0148 Prezidentini\u0148 Ahalteke at\u00e7ylyk toplumyny\u0148 se\u00fdsi, T\u00fcrkmenistany\u0148 ussat halypa \u00e7apyksuwary O.Annaly\u00fdew milli Liderimizi\u0148 bu k\u00fcnjege \u015ea gadamyny\u0148 d\u00fc\u015fen pursatlarynda ady rowa\u00fdata \u00f6wr\u00fclen Pere\u0148i\u0148 nesil ugruna degi\u015fli G\u00f6zba\u015f we Ke\u00fdkilhan atly bedewlerden bolan gurtmele re\u0148kli ta\u00fd\u00e7anaga at dakyp bermegini hormatly Prezidentimizden ha\u00fdy\u015f etdi.<\/p>\n<p>D\u00f6wlet Ba\u015ftutanymyz ge\u00e7mi\u015fde her bir t\u00fcrkmeni\u0148 howlusynda aty\u0148 bolandygyny, eger, t\u00e4ze ta\u00fd\u00e7anak d\u00fcn\u00fd\u00e4 inse, bu habary\u0148 edil \u00e7aga d\u00fcn\u00fd\u00e4 inen \u00fdaly \u00e7ar t\u00f6werege bu\u015flanandygyny we o\u0148a mynasyp at dakylandygyny g\u00fcrr\u00fc\u0148 berdi. Hormatly Prezidentimiz halkymyzy\u0148 bu \u00fdyly \u201cHalky\u0148 Arkadagly zamanasy\u201d di\u00fdip atlandyrandygyny a\u00fddyp we \u015fundan ugur alyp, bu ta\u00fd\u00e7anaga Zaman di\u00fdlip at dakylsa \u00fderine d\u00fc\u015fjekdigini belledi.<\/p>\n<p>\u2014 Go\u00fd, bu ta\u00fdy\u0148 ady Zaman bolsun! Geljek 30 \u00fdyly \u00f6z i\u00e7ine al\u00fdan t\u00e4ze d\u00f6wre ni\u00fdetlenen be\u00fdik maksatlarymyz bedew bady bilen dowamat-dowam bolsun! \u2014 di\u00fdip, d\u00f6wlet Ba\u015ftutanymyz a\u00fdtdy.<\/p>\n<p>So\u0148ra milli Liderimiz asyrlar a\u015fyp gel\u00fd\u00e4n \u00fdag\u015fy dessurlara e\u00fderip, Ogulabat ej\u00e4ni\u0148 \u00f6ren alajasyny \u00fdag\u015fy arzuwlar bilen ta\u00fd\u00e7anagy\u0148 bo\u00fdnuna dakdy.<\/p>\n<p>Milli Liderimiz at\u015fynaslara alyp bar\u00fdan d\u00f6wletli i\u015flerinde mundan be\u00fdl\u00e4k-de \u00fcst\u00fcnlikleri arzuw edip, bu \u00fderden ugrady.<\/p>\n<p>At\u015fynasa d\u00f6wlet Ba\u015ftutanymyzy\u0148 adyndan sowgat gow\u015furyldy.<\/p>\n","protected":false},"excerpt":{"rendered":"<p>18-nji \u00fdanwarda hormatly Prezidentimiz ir s\u00e4her bilen K\u00f6petdagy\u0148 etegind\u00e4ki aja\u00fdyp k\u00fcnjekleri\u0148 birinde \u00fderle\u015f\u00fd\u00e4n Halkara ahalteke at\u00e7ylyk sport toplumynda t\u00e4ze ta\u00fd\u00e7anagy\u0148 d\u00fcn\u00fd\u00e4 inendigi baradaky ho\u015f habary e\u015fidip, bu topluma geldi. Bu \u00fderde i\u015fle\u00fd\u00e4n at\u015fynas milli Liderimizi m\u00e4hirli gar\u015fylap, d\u00f6wlet Ba\u015ftutanymyza t\u00e4ze doglan ta\u00fdy g\u00f6rkezdi. Hormatly Prezidentimiz at\u015fynas bilen salamla\u015fyp, onu\u0148 i\u015f aladalary, ma\u015fgala durmu\u015fy, hal-ahwallary bilen [&hellip;]<\/p>\n","protected":false},"author":2,"featured_media":54258,"comment_status":"open","ping_status":"closed","sticky":false,"template":"","format":"standard","meta":{"footnotes":""},"categories":[3],"tags":[],"acf":[],"_links":{"self":[{"href":"https:\/\/zamanturkmenistan.com.tm\/index.php?rest_route=\/wp\/v2\/posts\/54257"}],"collection":[{"href":"https:\/\/zamanturkmenistan.com.tm\/index.php?rest_route=\/wp\/v2\/posts"}],"about":[{"href":"https:\/\/zamanturkmenistan.com.tm\/index.php?rest_route=\/wp\/v2\/types\/post"}],"author":[{"embeddable":true,"href":"https:\/\/zamanturkmenistan.com.tm\/index.php?rest_route=\/wp\/v2\/users\/2"}],"replies":[{"embeddable":true,"href":"https:\/\/zamanturkmenistan.com.tm\/index.php?rest_route=%2Fwp%2Fv2%2Fcomments&post=54257"}],"version-history":[{"count":0,"href":"https:\/\/zamanturkmenistan.com.tm\/index.php?rest_route=\/wp\/v2\/posts\/54257\/revisions"}],"wp:featuredmedia":[{"embeddable":true,"href":"https:\/\/zamanturkmenistan.com.tm\/index.php?rest_route=\/wp\/v2\/media\/54258"}],"wp:attachment":[{"href":"https:\/\/zamanturkmenistan.com.tm\/index.php?rest_route=%2Fwp%2Fv2%2Fmedia&parent=54257"}],"wp:term":[{"taxonomy":"category","embeddable":true,"href":"https:\/\/zamanturkmenistan.com.tm\/index.php?rest_route=%2Fwp%2Fv2%2Fcategories&post=54257"},{"taxonomy":"post_tag","embeddable":true,"href":"https:\/\/zamanturkmenistan.com.tm\/index.php?rest_route=%2Fwp%2Fv2%2Ftags&post=54257"}],"curies":[{"name":"wp","href":"https:\/\/api.w.org\/{rel}","templated":true}]}}