{"id":54260,"date":"2022-01-19T09:42:54","date_gmt":"2022-01-19T04:42:54","guid":{"rendered":"https:\/\/zamanturkmenistan.com.tm\/?p=54260"},"modified":"2022-01-19T09:42:54","modified_gmt":"2022-01-19T04:42:54","slug":"takyk-isleyan-awiakompaniyalar-malim-edildi","status":"publish","type":"post","link":"https:\/\/zamanturkmenistan.com.tm\/?p=54260","title":{"rendered":"Ta\u00adkyk i\u015f\u00adle\u00ad\u00fd\u00e4n awiakompani\u00fdalar m\u00e4\u00adlim edil\u00addi"},"content":{"rendered":"<p>Sel\u00adje\u00adri\u015f kom\u00adpa\u00adni\u00ad\u00fda\u00adsy \u00abCirium\u00bb, u\u00e7u\u015f\u00adla\u00adry\u0148 we ho\u00adwa men\u00adzil\u00adle\u00adri\u00adni\u0148 i\u015f\u00adle\u00adri\u00adni\u0148 \u00f6z wag\u00adtyn\u00adda ber\u00adja\u00fd edi\u00adli\u00ad\u015fi ba\u00adra\u00adda\u00adky 2021-nji \u00fdy\u00adly\u0148 ha\u00adsa\u00adba\u00adty\u00adny\u0148 ne\u00adti\u00adje\u00adle\u00adri\u00adne sal\u00adgy\u00adla\u00adnyp, ta\u00adkyk i\u015f\u00adle\u00ad\u00fd\u00e4n awiakompani\u00fdalary\u0148 sa\u00adna\u00adwy\u00adny d\u00fcz\u00addi. H\u00fc\u00adn\u00e4r\u00admen\u00adler u\u00e7u\u015f\u00adla\u00adry\u0148 gel\u00ad\u015fi ba\u00adra\u00adda\u00adky i\u0148 t\u00e4\u00adze mag\u00adlu\u00admat\u00adlar bi\u00adlen 600-den gow\u00adrak \u00e7e\u015f\u00adm\u00e4\u00adni der\u00ad\u0148e\u00addiler. U\u00e7u\u015f 15 mi\u00adnut\u00addan k\u00f6p gi\u00adj\u00e4 gal\u00adman \u00fderine \u00fdetirilen bol\u00adsa \u00abber\u00adja\u00fd edi\u00adlen\u00bb di\u00fd\u00adlip ha\u00adsap\u00adla\u00adn\u00ad\u00fdar. Mag\u00adlu\u00admat\u00adla\u00adra esas\u00adla\u00adnyp, i\u0148 ta\u00adkyk i\u015f\u00adle\u00ad\u00fd\u00e4n awia\u00adkom\u00adpa\u00adni\u00ad\u00fda\u00adla\u00adry\u0148 sa\u00adna\u00adwy ta\u00fd\u00ad\u00fdar\u00adlan\u00addy.<br \/>\n\u00dda\u00adpon awia\u00adkom\u00adpa\u00adni\u00ad\u00fda\u00adsy \u00abAll Nip\u00adpon Air\u00adwa\u00adys\u00bb (ANA) d\u00fcn\u00ad\u00fd\u00e4\u00adni\u0148 i\u0148 ta\u00adkyk i\u015f\u00adle\u00ad\u00fd\u00e4n awia\u00adkom\u00adpa\u00adni\u00ad\u00fda\u00adsy h\u00f6k\u00adm\u00fcn\u00adde yk\u00adrar edil\u00addi. Onu\u0148 u\u00e7u\u015f\u00adla\u00adryny\u0148 95%-i \u00f6z wag\u00adtyn\u00adda ber\u00adja\u00fd edil\u00addi. \u015eol bir wag\u00adty\u0148 \u00f6z\u00fcn\u00adde Ame\u00adri\u00adka\u00adny\u0148 \u00abDel\u00adta Air Li\u00adnes\u00bb-i 2021-nji \u00fdyl\u00adda d\u00fcn\u00ad\u00fd\u00e4\u00adni\u0148 i\u0148 t\u00e4\u00adsir\u00adli awia\u00adkom\u00adpa\u00adni\u00ad\u00fda\u00adsy di\u00fd\u00adlip yg\u00adlan edil\u00addi. 2021-nji \u00fdyl\u00adda i\u00e7er\u00adki gat\u00adnaw\u00adla\u00adry\u0148 97,9%-ini ta\u00adkyk ber\u00adja\u00fd eden ar\u00adzan ba\u00adha\u00adly g\u00f6\u00adte\u00adri\u00adji\u00adler ka\u00adte\u00adgo\u00adri\u00ad\u00fda\u00adsyn\u00adda \u00dda\u00adpo\u00adni\u00ad\u00fda\u00adny\u0148 \u00abSo\u00adla\u00adse\u00aded Air\u00bb awia\u00adkom\u00adpa\u00adni\u00ad\u00fda\u00adsy \u00f6\u0148\u00adde\u00adli\u00adgi e\u00fde\u00adle\u00ad\u00fd\u00e4r. \u00dda\u00adkyn G\u00fcn\u00addo\u00adgar we Af\u00adri\u00adka ka\u00adte\u00adgo\u00adri\u00ad\u00fda\u00adsyn\u00adda \u2013 \u00abSa\u00adfa\u00adir\u00bb-i\u0148, u\u00e7u\u015f\u00adla\u00adry\u00adny\u0148 96,4%-i \u00f6z wag\u00adtyn\u00adda ber\u00adja\u00fd edil\u00addi. Azi\u00ad\u00fda-\u00ddu\u00adwa\u015f um\u00adman se\u00adbi\u00adtin\u00adde \u00f6\u0148\u00adde\u00adba\u00adry\u00adjy \u00fda\u00adpon awia\u00adkom\u00adpa\u00adni\u00ad\u00fda\u00adla\u00adry ANA we JAL \u00f6\u0148\u00adde\u00adba\u00adry\u00adjy or\u00adny e\u00fde\u00adle\u00ad\u00fd\u00e4r\u00adler.<br \/>\n2021-nji \u00fdyl\u00adda i\u0148 ta\u00adkyk i\u015f\u00adl\u00e4n awiakompani\u00fdalar: \u00abAll Nip\u00adpon Air\u00adwa\u00adys\u00bb, \u00abJa\u00adpan Air\u00adli\u00adnes\u00bb, \u00abAe\u00adrof\u00adlot\u00bb, \u00abLA\u00adTAM Air\u00adli\u00adnes\u00bb, \u00abDel\u00adta Air Li\u00adnes\u00bb, KLM, \u00abS7 Air\u00adli\u00adnes\u00bb, \u00abAme\u00adrican Air\u00adli\u00adnes\u00bb, \u00abUni\u00adted Air\u00adli\u00adnes\u00bb, \u00abSau\u00addia\u00bb.<br \/>\nIs\u00adpan kom\u00adpa\u00adni\u00ad\u00fda\u00adla\u00adry \u00abIAG &#8211; Vue\u00adling\u00bb (92,1%), \u00abIbe\u00adria Express\u00bb (91,8%) we \u00abIbe\u00adria\u00bb (90,3%) \u00ddew\u00adro\u00adpa\u00adny\u0148 i\u0148 go\u00adwy b\u00e4\u015f or\u00adnun\u00addan \u00fc\u00e7\u00fc\u00adsi\u00adne e\u00fde bol\u00addy.<br \/>\n<strong><em>2021-nji \u00fdy\u00adlda \u00ddew\u00adro\u00adpa\u00adda\u00adky i\u0148 go\u00adwy awia\u00adkom\u00adpa\u00adni\u00ad\u00fda\u00adlar:<\/em><\/strong> \u00abVue\u00adling\u00bb, \u00abIbe\u00adria Express\u00bb, \u00abNor\u00adwe\u00adgi\u00adan Air Shutt\u00adle\u00bb, \u00abAe\u00adrof\u00adlot\u00bb, \u00abIbe\u00adria\u00bb, \u00abEu\u00adro\u00adwings\u00bb, \u00abAust\u00adri\u00adan\u00bb LOT, KLM, ITA S.p.A.<br \/>\n2021-nji \u00fdyl\u00adda d\u00fcn\u00ad\u00fd\u00e4\u00add\u00e4\u00adki awia\u00adkom\u00adpa\u00adni\u00ad\u00fda\u00adlar tarapyndan, tak\u00admy\u00adnan, 25 mil\u00adli\u00adon u\u00e7u\u015f ama\u00adla a\u015fyryl\u00addy. Bu 2020-nji \u00fdyl\u00adda\u00adky\u00addan 10% k\u00f6p, em\u00adma 2019-njy \u00fdyl\u00adda\u00adky\u00addan 36% pe\u00ads\u00addir. \u015ee\u00fd\u00adle hem ha\u00adsa\u00adbat\u00adda u\u00e7u\u00ad\u015fy \u00f6z wag\u00adtyn\u00adda ama\u00adla a\u015fyr\u00ad\u00fdan d\u00fcn\u00ad\u00fd\u00e4\u00adni\u0148 \u00f6\u0148\u00adde\u00adba\u00adryjy aeroportlaryny\u0148 sa\u00adna\u00adwy g\u00f6r\u00adke\u00adzil\u00ad\u00fd\u00e4r. Sa\u00adnaw\u00adda d\u00fcn\u00ad\u00fd\u00e4\u00adde i\u0148 ta\u00adkyk i\u015fle\u00fd\u00e4n aeroport To\u00adkio\u00adda\u00adky \u00abHa\u00adne\u00adda\u00bb hal\u00adka\u00adra ho\u00adwa men\u00adzi\u00adli ha\u00adsap\u00adlan\u00ad\u00fdar. 2021-nji \u00fdyl\u00adda bu ho\u00adwa men\u00adzi\u00adlin\u00adden u\u00e7u\u015f\u00adla\u00adry\u0148 95,6%-i \u00f6z wag\u00adtyn\u00adda ber\u00adja\u00fd edi\u00adlip\u00addir.<\/p>\n","protected":false},"excerpt":{"rendered":"<p>Sel\u00adje\u00adri\u015f kom\u00adpa\u00adni\u00ad\u00fda\u00adsy \u00abCirium\u00bb, u\u00e7u\u015f\u00adla\u00adry\u0148 we ho\u00adwa men\u00adzil\u00adle\u00adri\u00adni\u0148 i\u015f\u00adle\u00adri\u00adni\u0148 \u00f6z wag\u00adtyn\u00adda ber\u00adja\u00fd edi\u00adli\u00ad\u015fi ba\u00adra\u00adda\u00adky 2021-nji \u00fdy\u00adly\u0148 ha\u00adsa\u00adba\u00adty\u00adny\u0148 ne\u00adti\u00adje\u00adle\u00adri\u00adne sal\u00adgy\u00adla\u00adnyp, ta\u00adkyk i\u015f\u00adle\u00ad\u00fd\u00e4n awiakompani\u00fdalary\u0148 sa\u00adna\u00adwy\u00adny d\u00fcz\u00addi. H\u00fc\u00adn\u00e4r\u00admen\u00adler u\u00e7u\u015f\u00adla\u00adry\u0148 gel\u00ad\u015fi ba\u00adra\u00adda\u00adky i\u0148 t\u00e4\u00adze mag\u00adlu\u00admat\u00adlar bi\u00adlen 600-den gow\u00adrak \u00e7e\u015f\u00adm\u00e4\u00adni der\u00ad\u0148e\u00addiler. U\u00e7u\u015f 15 mi\u00adnut\u00addan k\u00f6p gi\u00adj\u00e4 gal\u00adman \u00fderine \u00fdetirilen bol\u00adsa \u00abber\u00adja\u00fd edi\u00adlen\u00bb di\u00fd\u00adlip ha\u00adsap\u00adla\u00adn\u00ad\u00fdar. Mag\u00adlu\u00admat\u00adla\u00adra esas\u00adla\u00adnyp, i\u0148 ta\u00adkyk i\u015f\u00adle\u00ad\u00fd\u00e4n awia\u00adkom\u00adpa\u00adni\u00ad\u00fda\u00adla\u00adry\u0148 sa\u00adna\u00adwy [&hellip;]<\/p>\n","protected":false},"author":2,"featured_media":54261,"comment_status":"open","ping_status":"closed","sticky":false,"template":"","format":"standard","meta":{"footnotes":""},"categories":[5],"tags":[],"acf":[],"_links":{"self":[{"href":"https:\/\/zamanturkmenistan.com.tm\/index.php?rest_route=\/wp\/v2\/posts\/54260"}],"collection":[{"href":"https:\/\/zamanturkmenistan.com.tm\/index.php?rest_route=\/wp\/v2\/posts"}],"about":[{"href":"https:\/\/zamanturkmenistan.com.tm\/index.php?rest_route=\/wp\/v2\/types\/post"}],"author":[{"embeddable":true,"href":"https:\/\/zamanturkmenistan.com.tm\/index.php?rest_route=\/wp\/v2\/users\/2"}],"replies":[{"embeddable":true,"href":"https:\/\/zamanturkmenistan.com.tm\/index.php?rest_route=%2Fwp%2Fv2%2Fcomments&post=54260"}],"version-history":[{"count":0,"href":"https:\/\/zamanturkmenistan.com.tm\/index.php?rest_route=\/wp\/v2\/posts\/54260\/revisions"}],"wp:featuredmedia":[{"embeddable":true,"href":"https:\/\/zamanturkmenistan.com.tm\/index.php?rest_route=\/wp\/v2\/media\/54261"}],"wp:attachment":[{"href":"https:\/\/zamanturkmenistan.com.tm\/index.php?rest_route=%2Fwp%2Fv2%2Fmedia&parent=54260"}],"wp:term":[{"taxonomy":"category","embeddable":true,"href":"https:\/\/zamanturkmenistan.com.tm\/index.php?rest_route=%2Fwp%2Fv2%2Fcategories&post=54260"},{"taxonomy":"post_tag","embeddable":true,"href":"https:\/\/zamanturkmenistan.com.tm\/index.php?rest_route=%2Fwp%2Fv2%2Ftags&post=54260"}],"curies":[{"name":"wp","href":"https:\/\/api.w.org\/{rel}","templated":true}]}}