{"id":55224,"date":"2022-02-05T11:25:07","date_gmt":"2022-02-05T06:25:07","guid":{"rendered":"https:\/\/zamanturkmenistan.com.tm\/?p=55224"},"modified":"2022-02-05T11:25:07","modified_gmt":"2022-02-05T06:25:07","slug":"saglygy-goramak-babatda-turkmen-hytay-hyzmatdaslygynyn-ileri-tutulyan-meselelerini-ara-alyp-maslahatlasdy","status":"publish","type":"post","link":"https:\/\/zamanturkmenistan.com.tm\/?p=55224","title":{"rendered":"Saglygy goramak babatda t\u00fcrkmen-hyta\u00fd hyzmatda\u015flygyny\u0148 ileri tutul\u00fdan meselelerini ara alyp maslahatla\u015fdy"},"content":{"rendered":"<p>Ministrler Kabinetini\u0148 Ba\u015flygyny\u0148 orunbasary S.To\u00fdly\u00fdew dostlukly \u00fdurdu\u0148 saglygy gora\u00fdy\u015f ulgamyny\u0148 wekilleri bilen bolan du\u015fu\u015fygy\u0148 \u00e7\u00e4klerinde saglygy goramak babatda t\u00fcrkmen-hyta\u00fd hyzmatda\u015flygyny\u0148 ileri tutul\u00fdan meselelerini ara alyp maslahatla\u015fdy.<\/p>\n<p>Hyta\u00fdly hyzmatda\u015flar milli Liderimizi\u0148 \u00f6\u0148e s\u00fcr\u00fd\u00e4n, \u015fol sanda lukman\u00e7ylyk diplomati\u00fdasyny \u00f6sd\u00fcrmek bo\u00fdun\u00e7a m\u00f6h\u00fcm ba\u015flangy\u00e7laryna \u00fdokary baha berip, saglygy gora\u00fd\u015fy\u0148 d\u00fcrli ugurlary bo\u00fdun\u00e7a \u00fdola go\u00fdlan bilelikd\u00e4ki i\u015fleri mundan be\u00fdl\u00e4k-de dowam etm\u00e4ge uly gyzyklanma bildir\u00fd\u00e4ndiklerini be\u00fdan etdiler.<\/p>\n<p>D\u00fcn\u00fd\u00e4ni gur\u015fap alan howply koronawirus \u00fdokanjyna gar\u015fy umumy g\u00f6re\u015f ara alnyp maslahatla\u015fylan esasy meseleleri\u0148 biri boldy. Taraplar COVID-19 pandemi\u00fdasyna gar\u015fy hereket etmekde toplanan o\u0148yn tejrib\u00e4ni pa\u00fdla\u015fyp, mundan be\u00fdl\u00e4k-de lukman\u00e7ylyk ulgamynda \u00fdakyndan hyzmatda\u015flyk etmegi maksat edin\u00fd\u00e4ndiklerini tassykladylar.<\/p>\n<p>T\u00fcrkmen wekili\u00fdetini\u0148 agzalary tehnologik ta\u00fddan \u00fdokary derejede enjamla\u015fdyrylan \u00abTiz k\u00f6mek\u00bb awtoulaglary bilen a\u00fdratyn gyzyklanyp tany\u015fdylar, \u00e4hli zerur \u015fertler g\u00f6z \u00f6\u0148\u00fcnde tutulan \u015fol awtoulaglarda tizle\u015fdirilen \u00fdagda\u00fdda PZR-testleri ge\u00e7irmek hem g\u00f6z \u00f6\u0148\u00fcnde tutulypdyr.<\/p>\n","protected":false},"excerpt":{"rendered":"<p>Ministrler Kabinetini\u0148 Ba\u015flygyny\u0148 orunbasary S.To\u00fdly\u00fdew dostlukly \u00fdurdu\u0148 saglygy gora\u00fdy\u015f ulgamyny\u0148 wekilleri bilen bolan du\u015fu\u015fygy\u0148 \u00e7\u00e4klerinde saglygy goramak babatda t\u00fcrkmen-hyta\u00fd hyzmatda\u015flygyny\u0148 ileri tutul\u00fdan meselelerini ara alyp maslahatla\u015fdy. Hyta\u00fdly hyzmatda\u015flar milli Liderimizi\u0148 \u00f6\u0148e s\u00fcr\u00fd\u00e4n, \u015fol sanda lukman\u00e7ylyk diplomati\u00fdasyny \u00f6sd\u00fcrmek bo\u00fdun\u00e7a m\u00f6h\u00fcm ba\u015flangy\u00e7laryna \u00fdokary baha berip, saglygy gora\u00fd\u015fy\u0148 d\u00fcrli ugurlary bo\u00fdun\u00e7a \u00fdola go\u00fdlan bilelikd\u00e4ki i\u015fleri mundan be\u00fdl\u00e4k-de dowam [&hellip;]<\/p>\n","protected":false},"author":2,"featured_media":55225,"comment_status":"open","ping_status":"closed","sticky":false,"template":"","format":"standard","meta":{"footnotes":""},"categories":[3],"tags":[],"acf":[],"_links":{"self":[{"href":"https:\/\/zamanturkmenistan.com.tm\/index.php?rest_route=\/wp\/v2\/posts\/55224"}],"collection":[{"href":"https:\/\/zamanturkmenistan.com.tm\/index.php?rest_route=\/wp\/v2\/posts"}],"about":[{"href":"https:\/\/zamanturkmenistan.com.tm\/index.php?rest_route=\/wp\/v2\/types\/post"}],"author":[{"embeddable":true,"href":"https:\/\/zamanturkmenistan.com.tm\/index.php?rest_route=\/wp\/v2\/users\/2"}],"replies":[{"embeddable":true,"href":"https:\/\/zamanturkmenistan.com.tm\/index.php?rest_route=%2Fwp%2Fv2%2Fcomments&post=55224"}],"version-history":[{"count":0,"href":"https:\/\/zamanturkmenistan.com.tm\/index.php?rest_route=\/wp\/v2\/posts\/55224\/revisions"}],"wp:featuredmedia":[{"embeddable":true,"href":"https:\/\/zamanturkmenistan.com.tm\/index.php?rest_route=\/wp\/v2\/media\/55225"}],"wp:attachment":[{"href":"https:\/\/zamanturkmenistan.com.tm\/index.php?rest_route=%2Fwp%2Fv2%2Fmedia&parent=55224"}],"wp:term":[{"taxonomy":"category","embeddable":true,"href":"https:\/\/zamanturkmenistan.com.tm\/index.php?rest_route=%2Fwp%2Fv2%2Fcategories&post=55224"},{"taxonomy":"post_tag","embeddable":true,"href":"https:\/\/zamanturkmenistan.com.tm\/index.php?rest_route=%2Fwp%2Fv2%2Ftags&post=55224"}],"curies":[{"name":"wp","href":"https:\/\/api.w.org\/{rel}","templated":true}]}}