{"id":5528,"date":"2017-01-28T08:54:02","date_gmt":"2017-01-28T08:54:02","guid":{"rendered":"http:\/\/zamanturkmenistan.com\/?p=5528"},"modified":"2017-01-28T08:56:52","modified_gmt":"2017-01-28T08:56:52","slug":"jorj-mar%c2%adti%c2%adnin-ta%c2%adze-ki%c2%adta%c2%adby","status":"publish","type":"post","link":"https:\/\/zamanturkmenistan.com.tm\/?p=5528","title":{"rendered":"Pa\u00fdhaslar d\u00fcw\u00fcn\u00e7egi"},"content":{"rendered":"<p>Go\u00adwy bol\u00admak ju\u00adda \u00fde\u00ad\u0148il \u2013 kim\u00addir bi\u00adri\u00adni a\u00fdyp\u00adla\u00admaz\u00addan ozal, di\u00ad\u0148e onu\u0148 \u00fde\u00adrin\u00adde \u00f6z\u00fc\u00ad\u0148i go\u00ad\u00fdup g\u00f6\u00adr\u00e4\u00fd\u00adme\u00adli.<br \/>\nMar\u00adlen Dit\u00adrih.<br \/>\nD\u00fc\u00adze\u00addip bol\u00adma\u00ad\u00fdan za\u00adda gy\u00adnan\u00adma\u00adgy\u0148 pe\u00fd\u00adda\u00adsy \u00fdok.<br \/>\nEger-de sen ge\u00adrek\u00adme\u00adjek za\u00addy sa\u00adtyn alan bol\u00adsa\u0148, on\u00adda ba\u00adsym sen \u00f6z\u00fc\u00ad\u0148e ze\u00adrur bo\u00adlan za\u00addy\u00ad\u0148y sat\u00adma\u00adly bo\u00adlar\u00adsy\u0148.<br \/>\nBen\u00adja\u00admin Frank\u00adlin.<br \/>\nDu\u015f\u00adman\u00adla\u00adry\u00ad\u0148y\u00adzy ba\u00adgy\u015f\u00adla\u0148 \u2013 bu ola\u00adry unut\u00adma\u00adgy\u0148 i\u0148 go\u00adwy usu\u00adly.<br \/>\nOs\u00adkar Ua\u00fdld.<br \/>\nIs\u00adleg\u00adde m\u00fc\u0148\u00adler\u00ad\u00e7e \u00fdol bar, is\u00adle\u00admez\u00adlik\u00adde m\u00fc\u0148\u00adler\u00ad\u00e7e p\u00e4s\u00adgel\u00ad\u00e7i\u00adlik.<br \/>\nEger-de si\u00adzi\u0148 is\u00adle\u00adgi\u00ad\u0148iz m\u00fcm\u00adkin\u00ad\u00e7i\u00adlik\u00adle\u00adri\u00ad\u0148iz bi\u00adlen ga\u00adbat gel\u00adme\u00ad\u00fd\u00e4n bol\u00adsa, \u00fda is\u00adle\u00adgi\u00ad\u0148i \u00e7\u00e4k\u00adlen\u00addir\u00adme\u00adli, \u00fda-da m\u00fcm\u00adkin\u00ad\u00e7i\u00adlik\u00adle\u00adri\u00ad\u0148i art\u00addyr\u00adma\u00adly.<br \/>\nUmyt\u00adsyz adam her m\u00fcm\u00adkin\u00ad\u00e7i\u00adlik\u00adde kyn\u00ad\u00e7y\u00adlyk g\u00f6r\u00ad\u00fd\u00e4r, r\u00f6w\u00ad\u015fen pi\u00adkir\u00adli adam bol\u00adsa, her kyn\u00ad\u00e7y\u00adlyk\u00addan m\u00fcm\u00adkin\u00ad\u00e7i\u00adlik g\u00f6z\u00adle\u00ad\u00fd\u00e4r.<br \/>\nUins\u00adton \u00c7e\u00adr\u00e7il.<br \/>\nAda\u00admy\u0148 s\u00f6\u00adzi we he\u00adre\u00adke\u00adti ga\u00adbat ge\u00adlen\u00adde ar\u00adzy\u00adly\u00addyr.<br \/>\nFrid\u00adrih Nis\u00ad\u015fe.<\/p>\n","protected":false},"excerpt":{"rendered":"<p>Go\u00adwy bol\u00admak ju\u00adda \u00fde\u00ad\u0148il \u2013 kim\u00addir bi\u00adri\u00adni a\u00fdyp\u00adla\u00admaz\u00addan ozal, di\u00ad\u0148e onu\u0148 \u00fde\u00adrin\u00adde \u00f6z\u00fc\u00ad\u0148i go\u00ad\u00fdup g\u00f6\u00adr\u00e4\u00fd\u00adme\u00adli. Mar\u00adlen Dit\u00adrih. D\u00fc\u00adze\u00addip bol\u00adma\u00ad\u00fdan za\u00adda gy\u00adnan\u00adma\u00adgy\u0148 pe\u00fd\u00adda\u00adsy \u00fdok. Eger-de sen ge\u00adrek\u00adme\u00adjek za\u00addy sa\u00adtyn alan bol\u00adsa\u0148, on\u00adda ba\u00adsym sen \u00f6z\u00fc\u00ad\u0148e ze\u00adrur bo\u00adlan za\u00addy\u00ad\u0148y sat\u00adma\u00adly bo\u00adlar\u00adsy\u0148. Ben\u00adja\u00admin Frank\u00adlin. Du\u015f\u00adman\u00adla\u00adry\u00ad\u0148y\u00adzy ba\u00adgy\u015f\u00adla\u0148 \u2013 bu ola\u00adry unut\u00adma\u00adgy\u0148 i\u0148 go\u00adwy usu\u00adly. Os\u00adkar Ua\u00fdld. Is\u00adleg\u00adde m\u00fc\u0148\u00adler\u00ad\u00e7e \u00fdol [&hellip;]<\/p>\n","protected":false},"author":1,"featured_media":5532,"comment_status":"open","ping_status":"closed","sticky":false,"template":"","format":"standard","meta":{"footnotes":""},"categories":[12],"tags":[],"acf":[],"_links":{"self":[{"href":"https:\/\/zamanturkmenistan.com.tm\/index.php?rest_route=\/wp\/v2\/posts\/5528"}],"collection":[{"href":"https:\/\/zamanturkmenistan.com.tm\/index.php?rest_route=\/wp\/v2\/posts"}],"about":[{"href":"https:\/\/zamanturkmenistan.com.tm\/index.php?rest_route=\/wp\/v2\/types\/post"}],"author":[{"embeddable":true,"href":"https:\/\/zamanturkmenistan.com.tm\/index.php?rest_route=\/wp\/v2\/users\/1"}],"replies":[{"embeddable":true,"href":"https:\/\/zamanturkmenistan.com.tm\/index.php?rest_route=%2Fwp%2Fv2%2Fcomments&post=5528"}],"version-history":[{"count":0,"href":"https:\/\/zamanturkmenistan.com.tm\/index.php?rest_route=\/wp\/v2\/posts\/5528\/revisions"}],"wp:featuredmedia":[{"embeddable":true,"href":"https:\/\/zamanturkmenistan.com.tm\/index.php?rest_route=\/wp\/v2\/media\/5532"}],"wp:attachment":[{"href":"https:\/\/zamanturkmenistan.com.tm\/index.php?rest_route=%2Fwp%2Fv2%2Fmedia&parent=5528"}],"wp:term":[{"taxonomy":"category","embeddable":true,"href":"https:\/\/zamanturkmenistan.com.tm\/index.php?rest_route=%2Fwp%2Fv2%2Fcategories&post=5528"},{"taxonomy":"post_tag","embeddable":true,"href":"https:\/\/zamanturkmenistan.com.tm\/index.php?rest_route=%2Fwp%2Fv2%2Ftags&post=5528"}],"curies":[{"name":"wp","href":"https:\/\/api.w.org\/{rel}","templated":true}]}}