{"id":55536,"date":"2022-02-11T17:32:03","date_gmt":"2022-02-11T12:32:03","guid":{"rendered":"https:\/\/zamanturkmenistan.com.tm\/?p=55536"},"modified":"2022-02-11T17:37:49","modified_gmt":"2022-02-11T12:37:49","slug":"yitip-baryan-gornuslerin-sanawyna-girizildi","status":"publish","type":"post","link":"https:\/\/zamanturkmenistan.com.tm\/?p=55536","title":{"rendered":"\u00dditip bar\u00fdan g\u00f6rn\u00fc\u015fleri\u0148 sanawyna girizildi"},"content":{"rendered":"<p>Awstrali\u00fdany\u0148 Da\u015fky gur\u015faw ministrligi \u00fdurdu\u0148 g\u00fcndogarynda \u00fda\u015fa\u00fdan koalalary\u0148 \u00fditip bar\u00fdan jandarlary\u0148 sanawyna girizilendigini habar berdi. Kanberrany\u0148 \u00fderli h\u00e4kimi\u00fdeti 2019-njy we 2020-nji \u00fdyllarda bolup ge\u00e7en \u00fdangynda on m\u00fc\u0148ler\u00e7e koalany\u0148 sany azalandygyny habar berdi. Kwinslendde we T\u00e4ze G\u00fcnorta Uelsde hem koalalary\u0148 bu sanawa alandygy habar berildi. Awstrali\u00fdany\u0148 da\u015fky gur\u015faw ministri S\u00fduzan Le\u00fd bu sanawy\u0148 koalalary goramaga \u00fdardam etjekdigini a\u00fdtdy we halas edi\u015f me\u00fdilnamasyny\u0148 ta\u00fd\u00fdarlanandygyny we meliorasi\u00fda i\u015flerini\u0148 koalalara \u00fdetir\u00fd\u00e4n t\u00e4siri barada maglumat ta\u00fd\u00fdarlanandygyny a\u00fdtdy.<\/p>\n<p>B\u00fctind\u00fcn\u00fd\u00e4 \u00fdabany tebigat gaznasyny\u0148 (WWF) Awstrali\u00fdadaky wekili St\u00fduart Blan\u00e7 bu sebitlerd\u00e4ki koalalary\u0148 2012-nji \u00fdylda \u201cgow\u015fak g\u00f6rn\u00fc\u015fler\u201d kategori\u00fdasyna degi\u015flidigini we 2022-nji \u00fdylda \u201c\u00fditip bar\u00fdan g\u00f6rn\u00fc\u015fler\u201d kategori\u00fdasyna ge\u00e7irilendigini a\u00fdtdy.<\/p>\n","protected":false},"excerpt":{"rendered":"<p>Awstrali\u00fdany\u0148 Da\u015fky gur\u015faw ministrligi \u00fdurdu\u0148 g\u00fcndogarynda \u00fda\u015fa\u00fdan koalalary\u0148 \u00fditip bar\u00fdan jandarlary\u0148 sanawyna girizilendigini habar berdi. Kanberrany\u0148 \u00fderli h\u00e4kimi\u00fdeti 2019-njy we 2020-nji \u00fdyllarda bolup ge\u00e7en \u00fdangynda on m\u00fc\u0148ler\u00e7e koalany\u0148 sany azalandygyny habar berdi. Kwinslendde we T\u00e4ze G\u00fcnorta Uelsde hem koalalary\u0148 bu sanawa alandygy habar berildi. Awstrali\u00fdany\u0148 da\u015fky gur\u015faw ministri S\u00fduzan Le\u00fd bu sanawy\u0148 koalalary goramaga \u00fdardam [&hellip;]<\/p>\n","protected":false},"author":2,"featured_media":55537,"comment_status":"open","ping_status":"closed","sticky":false,"template":"","format":"standard","meta":{"footnotes":""},"categories":[5],"tags":[],"acf":[],"_links":{"self":[{"href":"https:\/\/zamanturkmenistan.com.tm\/index.php?rest_route=\/wp\/v2\/posts\/55536"}],"collection":[{"href":"https:\/\/zamanturkmenistan.com.tm\/index.php?rest_route=\/wp\/v2\/posts"}],"about":[{"href":"https:\/\/zamanturkmenistan.com.tm\/index.php?rest_route=\/wp\/v2\/types\/post"}],"author":[{"embeddable":true,"href":"https:\/\/zamanturkmenistan.com.tm\/index.php?rest_route=\/wp\/v2\/users\/2"}],"replies":[{"embeddable":true,"href":"https:\/\/zamanturkmenistan.com.tm\/index.php?rest_route=%2Fwp%2Fv2%2Fcomments&post=55536"}],"version-history":[{"count":0,"href":"https:\/\/zamanturkmenistan.com.tm\/index.php?rest_route=\/wp\/v2\/posts\/55536\/revisions"}],"wp:featuredmedia":[{"embeddable":true,"href":"https:\/\/zamanturkmenistan.com.tm\/index.php?rest_route=\/wp\/v2\/media\/55537"}],"wp:attachment":[{"href":"https:\/\/zamanturkmenistan.com.tm\/index.php?rest_route=%2Fwp%2Fv2%2Fmedia&parent=55536"}],"wp:term":[{"taxonomy":"category","embeddable":true,"href":"https:\/\/zamanturkmenistan.com.tm\/index.php?rest_route=%2Fwp%2Fv2%2Fcategories&post=55536"},{"taxonomy":"post_tag","embeddable":true,"href":"https:\/\/zamanturkmenistan.com.tm\/index.php?rest_route=%2Fwp%2Fv2%2Ftags&post=55536"}],"curies":[{"name":"wp","href":"https:\/\/api.w.org\/{rel}","templated":true}]}}