{"id":55843,"date":"2022-02-18T14:40:37","date_gmt":"2022-02-18T09:40:37","guid":{"rendered":"https:\/\/zamanturkmenistan.com.tm\/?p=55843"},"modified":"2022-02-18T14:40:37","modified_gmt":"2022-02-18T09:40:37","slug":"bagtyyar-gelejege-tarap-ynamly-adim","status":"publish","type":"post","link":"https:\/\/zamanturkmenistan.com.tm\/bagtyyar-gelejege-tarap-ynamly-adim\/","title":{"rendered":"Bagty\u00fdar gelejege tarap ynamly \u00e4dim"},"content":{"rendered":"<p><strong><em>Halky\u0148 Arkadagly zamanasy \u00fdylyny\u0148 her bir g\u00fcni taryhy wakalara, \u015fanly senelere beslen\u00fd\u00e4<\/em><\/strong><strong><em>r. <\/em><\/strong><strong><em>Fewral a\u00fdyny\u0148 <\/em><\/strong><strong><em>11-ne<\/em><\/strong><strong><em> T\u00fcrkmenistany\u0148 Milli Ge\u0148e\u015fini\u0148 Halk maslahatyny\u0148 mejlisini\u0148 ge\u00e7<\/em><\/strong><strong><em>irilmegi hem \u201c<\/em><\/strong><strong><em>Halky\u0148 Arkadagly zamanasy\u201d \u00fdylyny\u0148 taryhy wakalaryny\u0148<\/em><\/strong><strong><em> biri boldy. Bu umumymilli forumda<\/em><\/strong><strong><em> ykdysady\u00fdetimizi\u0148 \u00e4<\/em><\/strong><strong><em>hli pudaklarynda\u00a0 ge<\/em><\/strong><strong><em>\u00e7en <\/em><\/strong><strong><em>2021-nji \u00fdylda \u00fderine \u00fd<\/em><\/strong><strong><em>etirilen<\/em><\/strong><strong><em> i\u015flere baha berildi, \u00fdurdumyzy durmu\u015f-ykdysady ta\u00fddan \u00f6sd\u00fcrmegi\u0148 geljek <\/em><\/strong><strong><em>30 \u00fdyl \u00fc\u00e7<\/em><\/strong><strong><em>in milli maksatnama<\/em><\/strong><strong><em>sy<\/em><\/strong><strong><em> kabul edildi.<\/em><\/strong><\/p>\n<p>\u00ddurdumyzy\u0148 esasy wakasyna \u00f6wr\u00fclen umumymilli forumy\u0148 g\u00fcn tertibine girizilen meseleler t\u00fcrkmen d\u00f6wletini we jemgy\u00fdetini mundan-da be\u00fdl\u00e4kde hemmetarapla\u00fdyn sazla\u015fykly \u00f6sd\u00fcrmegi\u0148, onu\u0148 hem esasy maksady halkymyzy\u0148 abadan durmu\u015fyny \u00fcpj\u00fcn etmegi\u0148, uzakm\u00f6hletle\u00fdin gelejegi nazara almak bilen m\u00e4hriban Watanymyzy\u0148 g\u00fcll\u00e4p \u00f6smegini\u0148 ygtybarly esasyny go\u00fdjak o\u0148yn \u00f6zgertmeleri yzygiderli amala a\u015fyrmagy\u0148 ileri tutul\u00fdan wezipeler go\u00fduldy. Hormatly Prezidentimiz mejlisi\u0148 dowamynda \u00e7u\u0148 manyly \u00e7yky\u015f etdi. Hormatly Prezidentimiz \u00f6z \u00e7yky\u015fynda Gara\u015fsyzlyk \u00fdyllary \u00fc\u00e7inde \u00fdurdumyzda gazanylan \u00fcst\u00fcnlikler, \u00fdetilen belent sepgitler dogrusynda bellemek bilen Gara\u015fsyz Watanymyzda 30 \u00fdylda gazanylan \u00fdokary netijeler, geljek 30 \u00fdyllyk Milli aksatnamada g\u00f6z \u00f6\u0148\u00fcnde tutulan \u00e4hli i\u015fleri durmu\u015fa ge\u00e7irmekde uly badalga berer di\u00fdip bell\u00e4p ge\u00e7di. \u00ddurdumyzy\u0148 geljekki \u00f6s\u00fc\u015f d\u00f6wri \u201cBerkarar d\u00f6wleti\u0148 t\u00e4ze e\u00fd\u00fdamyny\u0148 Galkyny\u015fy\u201d di\u00fdlip atlandyryldy. \u015eol esasynda T\u00fcrkmenistany 2022-2052-nji \u00fdyllarda durmu\u015f ykdysady ta\u00fddan \u00f6sd\u00fcrmegi\u0148 Milli maksatnamasy ta\u00fd\u00fdarlandy. Uzak gelejegi nazarla\u00fdan bu Milli maksatnamany\u0148 kabul edilmegi \u00fdurdumyzy mundan-da be\u00fdl\u00e4k \u00e4hli tarapla\u00fdyn \u00f6sd\u00fcrmegini\u0148, Watanymyzy\u0148 rowa\u00e7lanmagyny\u0148, halkymyzy\u0148 abadan\u00e7ylygy, bagty\u00fdarlygy\u00a0 ugrynda berk bin\u00fdat bolar.<\/p>\n<p>Hormatly Prezidentimiz ata Watanymyzy\u0148 ykdysady kuwwatyny berkitmekde, \u00fdurdumyzy\u0148 \u00e4hli pudaklaryny \u00f6sd\u00fcrmekde, maksatnamala\u00fdyn i\u015fleri amala a\u015fyrmakda \u00fda\u015flarymyzy\u0148 uly ornuny\u0148 bardygyny, \u00fdurdumyzy\u0148 r\u00f6w\u015fen gelejegini\u0148 ertirki e\u00fdeleri bolan \u00fda\u015flary\u0148 ylymly-bilimli gi\u0148 d\u00fcn\u00fd\u00e4 gara\u00fdy\u015fly, sagdyn ruhly, berk bedenli bolmagy \u00fc\u00e7in mundan be\u00fdl\u00e4k uly alada ediljekdigini a\u00fdtdy. \u015ee\u00fdle hem hormatly Prezidentimiz Watanymyzy\u0148 we halkymyzy\u0148 ykbaly \u00fc\u00e7in jogapk\u00e4r\u00e7iligi \u00f6z \u00fcstine almaga ukyply \u00fda\u015f \u00fdolba\u015f\u00e7ylary \u00f6\u0148e s\u00fcrmek barada teklibi a\u00fdtmak bilen \u201c\u00dda\u015flar bizi\u0148 gelejegimiz, \u015fu g\u00fcn\u00fcmiz\u201d\u00a0 di\u00fdip \u00fda\u015flarymyza gi\u0148 \u00fdol a\u00e7dy.<\/p>\n<p>D\u00f6wletimizi\u0148 we jemgy\u00fdetimizi\u0148 durmu\u015fynda m\u00f6h\u00fcm \u015fanly waka bolan bu umumymilli forumda kabul edilen taryhy \u00e7\u00f6zg\u00fctler her bir t\u00fcrkmenistanlyny begendir\u00fd\u00e4r, bu\u00fdsandyr\u00fdar. Biz hem T\u00fcrkmenistany\u0148 Agrar parti\u00fdasyny\u0148 K\u00f6ne\u00fcrgen\u00e7 etrap komitetini\u0148 i\u015fg\u00e4rleri etrabymyzdaky be\u00fdleki jemgy\u00fdet\u00e7ilik guramalary\u0148 wekilleri bilen bilelikde, T\u00fcrkmenistany\u0148 Milli Ge\u0148e\u015fini\u0148 Halk Maslahatyny\u0148 mejlisini\u0148 taryhy \u00e7\u00f6zg\u00fctlerini, \u00fdurdumyzy durmu\u015f-ykdysady ta\u00fddan \u00f6sd\u00fcrmegi\u0148 30 \u00fdyllyk maksatnamada kesgitlenen wezipeleri \u00fderine \u00fdetirmek bo\u00fdun\u00e7a bar ukyp-ba\u015farnygymyzy ga\u00fdgyrman z\u00e4hmet \u00e7ekeris. H\u00e4zirki wagtda hem Halky\u0148 Arkadagly zamanasy \u00fdylynda ge\u00e7irilen Halk Maslahatyny\u0148 mejlisini\u0148 t\u00fcrkmen halkyny\u0148 durmu\u015fynda tut\u00fdan orny, onu\u0148 \u00e4hmi\u00fdeti dogrusynda ilat arasynda wagyz-nesihat i\u015flerini yzygiderli ge\u00e7ir\u00fd\u00e4ris. \u00ddurdumyzy \u00f6s\u00fc\u015fleri\u0148 t\u00e4ze belentliklerine alyp bar\u00fdan hormatly Prezidentimizi\u0148 jany sag bolsun, \u00f6mri uzak bolsun, halkymyzy\u0148 agzybirligi, parahat\u00e7ylygy, abadan\u00e7ylygy, bagty\u00fdarlygy ugrunda durmu\u015fa ge\u00e7ir\u00fd\u00e4n her bir d\u00f6wletli i\u015fleri elmydama rowa\u00e7 alsyn!<\/p>\n<p style=\"text-align: right;\"><strong>G\u00fclhumar HOJAHMETOWA<\/strong><strong>, <\/strong><\/p>\n<p style=\"text-align: right;\"><strong>T\u00fcrkmenistany\u0148 Agrar parti\u00fdasyny\u0148 Da\u015foguz wela\u00fdatyny\u0148 K\u00f6ne\u00fcrgen\u00e7 etrap komitetini\u0148 h\u00fcn\u00e4rmeni<\/strong><\/p>\n","protected":false},"excerpt":{"rendered":"<p>Halky\u0148 Arkadagly zamanasy \u00fdylyny\u0148 her bir g\u00fcni taryhy wakalara, \u015fanly senelere beslen\u00fd\u00e4r. Fewral a\u00fdyny\u0148 11-ne T\u00fcrkmenistany\u0148 Milli Ge\u0148e\u015fini\u0148 Halk maslahatyny\u0148 mejlisini\u0148 ge\u00e7irilmegi hem \u201cHalky\u0148 Arkadagly zamanasy\u201d \u00fdylyny\u0148 taryhy wakalaryny\u0148 biri boldy. Bu umumymilli forumda ykdysady\u00fdetimizi\u0148 \u00e4hli pudaklarynda\u00a0 ge\u00e7en 2021-nji \u00fdylda \u00fderine \u00fdetirilen i\u015flere baha berildi, \u00fdurdumyzy durmu\u015f-ykdysady ta\u00fddan \u00f6sd\u00fcrmegi\u0148 geljek 30 \u00fdyl \u00fc\u00e7in milli maksatnamasy [&hellip;]<\/p>\n","protected":false},"author":2,"featured_media":55553,"comment_status":"open","ping_status":"closed","sticky":false,"template":"","format":"standard","meta":{"footnotes":""},"categories":[4],"tags":[],"_links":{"self":[{"href":"https:\/\/zamanturkmenistan.com.tm\/wp-json\/wp\/v2\/posts\/55843"}],"collection":[{"href":"https:\/\/zamanturkmenistan.com.tm\/wp-json\/wp\/v2\/posts"}],"about":[{"href":"https:\/\/zamanturkmenistan.com.tm\/wp-json\/wp\/v2\/types\/post"}],"author":[{"embeddable":true,"href":"https:\/\/zamanturkmenistan.com.tm\/wp-json\/wp\/v2\/users\/2"}],"replies":[{"embeddable":true,"href":"https:\/\/zamanturkmenistan.com.tm\/wp-json\/wp\/v2\/comments?post=55843"}],"version-history":[{"count":0,"href":"https:\/\/zamanturkmenistan.com.tm\/wp-json\/wp\/v2\/posts\/55843\/revisions"}],"wp:featuredmedia":[{"embeddable":true,"href":"https:\/\/zamanturkmenistan.com.tm\/wp-json\/wp\/v2\/media\/55553"}],"wp:attachment":[{"href":"https:\/\/zamanturkmenistan.com.tm\/wp-json\/wp\/v2\/media?parent=55843"}],"wp:term":[{"taxonomy":"category","embeddable":true,"href":"https:\/\/zamanturkmenistan.com.tm\/wp-json\/wp\/v2\/categories?post=55843"},{"taxonomy":"post_tag","embeddable":true,"href":"https:\/\/zamanturkmenistan.com.tm\/wp-json\/wp\/v2\/tags?post=55843"}],"curies":[{"name":"wp","href":"https:\/\/api.w.org\/{rel}","templated":true}]}}