{"id":56200,"date":"2022-02-26T09:52:34","date_gmt":"2022-02-26T04:52:34","guid":{"rendered":"https:\/\/zamanturkmenistan.com.tm\/?p=56200"},"modified":"2022-02-26T10:14:08","modified_gmt":"2022-02-26T05:14:08","slug":"halkara-nebitgaz-forumyny-29-30-njy-martda-geciriler","status":"publish","type":"post","link":"https:\/\/zamanturkmenistan.com.tm\/?p=56200","title":{"rendered":"Halkara nebitgaz forumy 29-30-njy martda ge\u00e7iriler"},"content":{"rendered":"<p>25-nji fewralda ge\u00e7irilen sanly ulgam arkaly Ministrler Kabinetini\u0148 nobatdaky mejlisinde Ministrler Kabinetini\u0148 Ba\u015flygyny\u0148 orunbasary \u015e.Abdrahmanow T\u00fcrkmenistany\u0148 nebitgaz pudagyna da\u015fary \u00fdurt ma\u00fda go\u00fdumlaryny \u00e7ekmek bo\u00fdun\u00e7a halkara forumy ge\u00e7irm\u00e4ge g\u00f6r\u00fcl\u00fd\u00e4n ta\u00fd\u00fdarlyk i\u015fleri barada hasabat berdi. Bu \u00e7\u00e4r\u00e4ni \u015fu \u00fdyly\u0148 29-30-njy martynda A\u015fgabatda ge\u00e7irmek me\u00fdille\u015fdiril\u00fd\u00e4r. Da\u015fary \u00fdurt kompani\u00fdalaryny\u0148 we \u00f6\u0148debaryjy mali\u00fde d\u00fcz\u00fcmlerini\u0148 \u00fdurdumyz bilen \u00f6zara b\u00e4hbitli hyzmatda\u015flygy \u00f6sd\u00fcrm\u00e4ge \u00e4girt uly gyzyklanmalaryny nazara alyp, bu forumy \u015fol bir wagty\u0148 \u00f6z\u00fcnde telek\u00f6pri arkaly Birle\u015fen Arap Emirliklerini\u0148 Duba\u00fd \u015f\u00e4herinde dowam ed\u00fd\u00e4n EKSPO \u2014 2020 B\u00fctind\u00fcn\u00fd\u00e4 sergisinde T\u00fcrkmenistany\u0148 milli b\u00f6l\u00fcminde hem guramak g\u00f6z \u00f6\u0148\u00fcnde tutul\u00fdar.<\/p>\n<p>Hormatly Prezidentimiz hasabaty di\u0148l\u00e4p, d\u00f6wletimizi\u0148 b\u00e4sde\u015flige ukyply pudakla\u00fdyn \u00f6n\u00fcmleri\u0148 \u00f6n\u00fcm\u00e7iligini we onu\u0148 eksportyny k\u00f6pugurly esasda \u00f6sd\u00fcrmek sy\u00fdasatyny \u00fcst\u00fcnlikli alyp bar\u00fdandygyny belledi. \u00ddurdumyzda \u00fdangy\u00e7-energetika toplumynda netijeli gatna\u015fyklary \u00fdola go\u00fdmak \u00fc\u00e7in t\u00e4ze m\u00fcmkin\u00e7ilikler a\u00e7yl\u00fdar.<\/p>\n<p>D\u00f6wlet Ba\u015ftutanymyz h\u00e4zirki d\u00f6w\u00fcrde bu forumy\u0148 a\u00fdratyn \u00e4hmi\u00fdete e\u00fdedigini bell\u00e4p, \u00f6\u0148de boljak \u00e7\u00e4releri\u0148 \u00fdokary gurama\u00e7ylyk derejesini \u00fcpj\u00fcn etmek babatda wise-prem\u00fdere anyk tab\u015fyryklary berdi.<\/p>\n","protected":false},"excerpt":{"rendered":"<p>25-nji fewralda ge\u00e7irilen sanly ulgam arkaly Ministrler Kabinetini\u0148 nobatdaky mejlisinde Ministrler Kabinetini\u0148 Ba\u015flygyny\u0148 orunbasary \u015e.Abdrahmanow T\u00fcrkmenistany\u0148 nebitgaz pudagyna da\u015fary \u00fdurt ma\u00fda go\u00fdumlaryny \u00e7ekmek bo\u00fdun\u00e7a halkara forumy ge\u00e7irm\u00e4ge g\u00f6r\u00fcl\u00fd\u00e4n ta\u00fd\u00fdarlyk i\u015fleri barada hasabat berdi. Bu \u00e7\u00e4r\u00e4ni \u015fu \u00fdyly\u0148 29-30-njy martynda A\u015fgabatda ge\u00e7irmek me\u00fdille\u015fdiril\u00fd\u00e4r. Da\u015fary \u00fdurt kompani\u00fdalaryny\u0148 we \u00f6\u0148debaryjy mali\u00fde d\u00fcz\u00fcmlerini\u0148 \u00fdurdumyz bilen \u00f6zara b\u00e4hbitli hyzmatda\u015flygy \u00f6sd\u00fcrm\u00e4ge [&hellip;]<\/p>\n","protected":false},"author":2,"featured_media":56201,"comment_status":"open","ping_status":"closed","sticky":false,"template":"","format":"standard","meta":{"footnotes":""},"categories":[3],"tags":[],"acf":[],"_links":{"self":[{"href":"https:\/\/zamanturkmenistan.com.tm\/index.php?rest_route=\/wp\/v2\/posts\/56200"}],"collection":[{"href":"https:\/\/zamanturkmenistan.com.tm\/index.php?rest_route=\/wp\/v2\/posts"}],"about":[{"href":"https:\/\/zamanturkmenistan.com.tm\/index.php?rest_route=\/wp\/v2\/types\/post"}],"author":[{"embeddable":true,"href":"https:\/\/zamanturkmenistan.com.tm\/index.php?rest_route=\/wp\/v2\/users\/2"}],"replies":[{"embeddable":true,"href":"https:\/\/zamanturkmenistan.com.tm\/index.php?rest_route=%2Fwp%2Fv2%2Fcomments&post=56200"}],"version-history":[{"count":0,"href":"https:\/\/zamanturkmenistan.com.tm\/index.php?rest_route=\/wp\/v2\/posts\/56200\/revisions"}],"wp:featuredmedia":[{"embeddable":true,"href":"https:\/\/zamanturkmenistan.com.tm\/index.php?rest_route=\/wp\/v2\/media\/56201"}],"wp:attachment":[{"href":"https:\/\/zamanturkmenistan.com.tm\/index.php?rest_route=%2Fwp%2Fv2%2Fmedia&parent=56200"}],"wp:term":[{"taxonomy":"category","embeddable":true,"href":"https:\/\/zamanturkmenistan.com.tm\/index.php?rest_route=%2Fwp%2Fv2%2Fcategories&post=56200"},{"taxonomy":"post_tag","embeddable":true,"href":"https:\/\/zamanturkmenistan.com.tm\/index.php?rest_route=%2Fwp%2Fv2%2Ftags&post=56200"}],"curies":[{"name":"wp","href":"https:\/\/api.w.org\/{rel}","templated":true}]}}