{"id":56629,"date":"2022-03-07T17:35:38","date_gmt":"2022-03-07T12:35:38","guid":{"rendered":"https:\/\/zamanturkmenistan.com.tm\/?p=56629"},"modified":"2022-03-07T17:35:38","modified_gmt":"2022-03-07T12:35:38","slug":"halkara-zenanlar-guni-mynasybetli-bayramcylyk-dabarasy","status":"publish","type":"post","link":"https:\/\/zamanturkmenistan.com.tm\/?p=56629","title":{"rendered":"Halkara zenanlar g\u00fcni mynasybetli ba\u00fdram\u00e7ylyk dabarasy"},"content":{"rendered":"<p>T\u00fcrkmenistany\u0148 Da\u015fary i\u015fler ministrligini\u0148 Halkara gatna\u015fyklary institutynda Halkara zenanlar g\u00fcni mynasybetli ba\u00fdram\u00e7ylyk dabarasy ge\u00e7irildi. O\u0148a instituty\u0148 mugallymlary, talyp gyzlar hem-de zenan i\u015fg\u00e4rler gatna\u015fdylar.<\/p>\n<p>Bu ba\u00fdram\u00e7ylyk dabarasyna institutymyzda myhman\u00e7ylykda T\u00fcrkmenistany\u0148 halk artisti L\u00e4le Begnazarowa, T\u00fcrkmenistany\u0148 at gazanan artisti Tirke\u015f M\u00e4tnazarow hem-de Ma\u00fda Kuly\u00fdewa adyndaky T\u00fcrkmen milli konserwatori\u00fdasyny\u0148 mugallymy A\u00fdna Se\u00fditkuly\u00fdewa dagylar \u00f6zlerini\u0148 aja\u00fdyp a\u00fddymlary bilen \u00e7yky\u015f edip, ba\u00fdram\u00e7ylyk dabarasyna a\u00fdratyn jo\u015fgun pa\u00fdladylar. Dabarany\u0148 dowamynda Halkara zenanlar g\u00fcni mynasybetli, talyp gelin-gyzlara hormatly Prezidentimizi\u0148 adyndan pul sowgatlary gow\u015furyldy. Ba\u00fdram\u00e7ylyk dabarasyny\u0148 ahyrynda o\u0148a gatna\u015fyjylar \u00fdurdumyzda zenan mertebesini a\u00fdratyn belentde tut\u00fdan hormatly Prezidentimizi\u0148 adyna alky\u015f s\u00f6zlerini a\u00fdtdylar.<\/p>\n<p style=\"text-align: right;\"><strong>Gun\u00e7a <\/strong><strong>HAMEDOWA<\/strong><strong>,<\/strong><\/p>\n<p style=\"text-align: right;\"><strong>T\u00fcrkmenistany\u0148 Da\u015fary i\u015fler ministrligini\u0148 <\/strong><strong>Halkara gatna\u015fyklary institutyny\u0148 <\/strong><strong>talyby.<\/strong><\/p>\n","protected":false},"excerpt":{"rendered":"<p>T\u00fcrkmenistany\u0148 Da\u015fary i\u015fler ministrligini\u0148 Halkara gatna\u015fyklary institutynda Halkara zenanlar g\u00fcni mynasybetli ba\u00fdram\u00e7ylyk dabarasy ge\u00e7irildi. O\u0148a instituty\u0148 mugallymlary, talyp gyzlar hem-de zenan i\u015fg\u00e4rler gatna\u015fdylar. Bu ba\u00fdram\u00e7ylyk dabarasyna institutymyzda myhman\u00e7ylykda T\u00fcrkmenistany\u0148 halk artisti L\u00e4le Begnazarowa, T\u00fcrkmenistany\u0148 at gazanan artisti Tirke\u015f M\u00e4tnazarow hem-de Ma\u00fda Kuly\u00fdewa adyndaky T\u00fcrkmen milli konserwatori\u00fdasyny\u0148 mugallymy A\u00fdna Se\u00fditkuly\u00fdewa dagylar \u00f6zlerini\u0148 aja\u00fdyp a\u00fddymlary bilen \u00e7yky\u015f [&hellip;]<\/p>\n","protected":false},"author":2,"featured_media":56630,"comment_status":"open","ping_status":"closed","sticky":false,"template":"","format":"standard","meta":{"footnotes":""},"categories":[3],"tags":[698],"acf":[],"_links":{"self":[{"href":"https:\/\/zamanturkmenistan.com.tm\/index.php?rest_route=\/wp\/v2\/posts\/56629"}],"collection":[{"href":"https:\/\/zamanturkmenistan.com.tm\/index.php?rest_route=\/wp\/v2\/posts"}],"about":[{"href":"https:\/\/zamanturkmenistan.com.tm\/index.php?rest_route=\/wp\/v2\/types\/post"}],"author":[{"embeddable":true,"href":"https:\/\/zamanturkmenistan.com.tm\/index.php?rest_route=\/wp\/v2\/users\/2"}],"replies":[{"embeddable":true,"href":"https:\/\/zamanturkmenistan.com.tm\/index.php?rest_route=%2Fwp%2Fv2%2Fcomments&post=56629"}],"version-history":[{"count":0,"href":"https:\/\/zamanturkmenistan.com.tm\/index.php?rest_route=\/wp\/v2\/posts\/56629\/revisions"}],"wp:featuredmedia":[{"embeddable":true,"href":"https:\/\/zamanturkmenistan.com.tm\/index.php?rest_route=\/wp\/v2\/media\/56630"}],"wp:attachment":[{"href":"https:\/\/zamanturkmenistan.com.tm\/index.php?rest_route=%2Fwp%2Fv2%2Fmedia&parent=56629"}],"wp:term":[{"taxonomy":"category","embeddable":true,"href":"https:\/\/zamanturkmenistan.com.tm\/index.php?rest_route=%2Fwp%2Fv2%2Fcategories&post=56629"},{"taxonomy":"post_tag","embeddable":true,"href":"https:\/\/zamanturkmenistan.com.tm\/index.php?rest_route=%2Fwp%2Fv2%2Ftags&post=56629"}],"curies":[{"name":"wp","href":"https:\/\/api.w.org\/{rel}","templated":true}]}}