{"id":56818,"date":"2022-03-11T09:25:39","date_gmt":"2022-03-11T04:25:39","guid":{"rendered":"https:\/\/zamanturkmenistan.com.tm\/?p=56818"},"modified":"2022-03-11T09:29:35","modified_gmt":"2022-03-11T04:29:35","slug":"turkmenistanyn-prezidenti-turki-dowletlerin-guramasynyn-yasulular-genesinin-baslygyny-kabul-etdi","status":"publish","type":"post","link":"https:\/\/zamanturkmenistan.com.tm\/?p=56818","title":{"rendered":"T\u00fcrkmenistany\u0148 Prezidenti T\u00fcrki D\u00f6wletleri\u0148 Guramasyny\u0148 \u00dda\u015fulular ge\u0148e\u015fini\u0148 ba\u015flygyny kabul etdi"},"content":{"rendered":"<p>10-njy martda hormatly Prezidentimiz Gurbanguly Berdimuhamedow T\u00fcrkmenistany\u0148 Halk Maslahatyny\u0148 Diwanynda T\u00fcrki D\u00f6wletleri\u0148 Guramasyny\u0148 \u00dda\u015fulular ge\u0148e\u015fini\u0148 ba\u015flygy Binali \u00ddyldyrymy kabul etdi.<\/p>\n<p>Myhman du\u015fu\u015fmaga wagt tapandygy \u00fc\u00e7in ho\u015fallyk bildirip, d\u00f6wlet Ba\u015ftutanymyza T\u00fcrki\u00fde Respublikasyny\u0148 Prezidenti Rejep Ta\u00fdyp \u00c4rdogany\u0148 salamyny \u00fdetirdi we onu\u0148 T\u00fcrkmenistan bilen k\u00f6pasyrlyk dostluk, ynany\u015fmak hem-de \u00f6zara d\u00fc\u015f\u00fcni\u015fmek \u00fd\u00f6relgelerine esaslanan d\u00e4p bolan \u00f6zara b\u00e4hbitli hyzmatda\u015flygy\u0148 \u00f6sd\u00fcrilmegine a\u00fdratyn \u00e4hmi\u00fdet beril\u00fd\u00e4ndigi baradaky ho\u015fni\u00fdetli s\u00f6zlerini be\u00fdan etdi.<\/p>\n<p>Hormatly Prezidentimiz Gurbanguly Berdimuhamedow m\u00e4hirli m\u00fcb\u00e4rekl\u00e4p, \u00f6z\u00fcni\u0148 t\u00fcrk k\u00e4rde\u015fine i\u0148 o\u0148at arzuwlaryny a\u00fddyp, t\u00fcrki d\u00f6wletler bilen ikitarapla\u00fdyn we k\u00f6ptarapla\u00fdyn hyzmatda\u015flygy hemmetarapla\u00fdyn \u00f6sd\u00fcrmegi\u0148 hem-de pugtalandyrmagy\u0148 T\u00fcrkmenistany\u0148 da\u015fary sy\u00fdasat strategi\u00fdasynda m\u00f6h\u00fcm orny e\u00fdele\u00fd\u00e4ndigini belledi. \u015eu babatda abra\u00fdly halkara we sebitle\u00fdin guramalary\u0148, \u015fol sanda ge\u00e7en \u00fdyly\u0148 no\u00fdabr a\u00fdynda T\u00fcrkmenistany\u0148 syn\u00e7y h\u00f6km\u00fcnde giren T\u00fcrki D\u00f6wletleri\u0148 Guramasyny\u0148 \u00e7\u00e4klerinde netijeli gatna\u015fyklara a\u00fdratyn \u00e4hmi\u00fdet beril\u00fd\u00e4r.<\/p>\n<p>Milli Liderimiz d\u00f6wletara gatna\u015fyklar baradaky mesel\u00e4 degip ge\u00e7ip, strategik h\u00e4si\u00fdetli uzak m\u00f6hletle\u00fdin t\u00fcrkmen-t\u00fcrk hyzmatda\u015flygyna uly \u00e4hmi\u00fdet beril\u00fd\u00e4ndigini belledi. \u015eunu\u0148 bilen baglylykda, dost-doganlyk gatna\u015fyklary esasynda yzygiderli we i\u015fje\u0148 \u00f6sd\u00fcril\u00fd\u00e4n t\u00fcrkmen-t\u00fcrk hyzmatda\u015flygyny\u0148 hemi\u015fe \u00f6zara hormat go\u00fdmak, doly d\u00fc\u015f\u00fcni\u015fmek we birek-birege \u00fdakyndan goldaw bermek tejribesine e\u00fder\u00fd\u00e4ndigi kanagatlanma bilen nygtaldy.<\/p>\n<p>T\u00fcrki\u00fdede milli Liderimizi\u0148 alyp bar\u00fdan k\u00f6ptaraply i\u015flerine, ge\u00e7ir\u00fd\u00e4n gi\u0148 gerimli \u00f6zgertmelerine \u00fdokary baha ber\u00fd\u00e4rler we golda\u00fdarlar, \u015fol \u00f6zgertmeler t\u00fcrkmenistanlylary\u0148 durmu\u015fyny d\u00fc\u00fdpli \u00f6zgertdi hem-de t\u00fcrkmen d\u00f6wletini\u0148 durmu\u015f-ykdysady ta\u00fddan \u00f6s\u00fc\u015fine, onu\u0148 halkara derejed\u00e4ki abra\u00fdyny\u0148 artmagyna kuwwatly itergi berdi. \u015ee\u00fdle hem myhman 12-nji martda ge\u00e7iriljek Prezident sa\u00fdlawlaryny\u0148 T\u00fcrkmenistana hem-de t\u00fcrkmen halkyna abadan\u00e7ylyk getirmegini arzuw etdi.<\/p>\n<p>Du\u015fu\u015fygy\u0148 ahyrynda hormatly Prezidentimiz Gurbanguly Berdimuhamedow we T\u00fcrki D\u00f6wletleri\u0148 Guramasyny\u0148 \u00dda\u015fulular ge\u0148e\u015fini\u0148 ba\u015flygy Binali \u00ddyldyrym birek-birege berk jan saglyk hem-de i\u015fde \u00fcst\u00fcnlikler gazanmak barada p\u00e4k arzuwlaryny a\u00fddyp, dostluk we netijeli halkara hyzmatda\u015flyk gatna\u015fyklaryny\u0148 has-da pugtalandyryljakdygyna ynam bildirdiler.<\/p>\n","protected":false},"excerpt":{"rendered":"<p>10-njy martda hormatly Prezidentimiz Gurbanguly Berdimuhamedow T\u00fcrkmenistany\u0148 Halk Maslahatyny\u0148 Diwanynda T\u00fcrki D\u00f6wletleri\u0148 Guramasyny\u0148 \u00dda\u015fulular ge\u0148e\u015fini\u0148 ba\u015flygy Binali \u00ddyldyrymy kabul etdi. Myhman du\u015fu\u015fmaga wagt tapandygy \u00fc\u00e7in ho\u015fallyk bildirip, d\u00f6wlet Ba\u015ftutanymyza T\u00fcrki\u00fde Respublikasyny\u0148 Prezidenti Rejep Ta\u00fdyp \u00c4rdogany\u0148 salamyny \u00fdetirdi we onu\u0148 T\u00fcrkmenistan bilen k\u00f6pasyrlyk dostluk, ynany\u015fmak hem-de \u00f6zara d\u00fc\u015f\u00fcni\u015fmek \u00fd\u00f6relgelerine esaslanan d\u00e4p bolan \u00f6zara b\u00e4hbitli hyzmatda\u015flygy\u0148 \u00f6sd\u00fcrilmegine [&hellip;]<\/p>\n","protected":false},"author":2,"featured_media":56819,"comment_status":"open","ping_status":"closed","sticky":false,"template":"","format":"standard","meta":{"footnotes":""},"categories":[3],"tags":[],"acf":[],"_links":{"self":[{"href":"https:\/\/zamanturkmenistan.com.tm\/index.php?rest_route=\/wp\/v2\/posts\/56818"}],"collection":[{"href":"https:\/\/zamanturkmenistan.com.tm\/index.php?rest_route=\/wp\/v2\/posts"}],"about":[{"href":"https:\/\/zamanturkmenistan.com.tm\/index.php?rest_route=\/wp\/v2\/types\/post"}],"author":[{"embeddable":true,"href":"https:\/\/zamanturkmenistan.com.tm\/index.php?rest_route=\/wp\/v2\/users\/2"}],"replies":[{"embeddable":true,"href":"https:\/\/zamanturkmenistan.com.tm\/index.php?rest_route=%2Fwp%2Fv2%2Fcomments&post=56818"}],"version-history":[{"count":0,"href":"https:\/\/zamanturkmenistan.com.tm\/index.php?rest_route=\/wp\/v2\/posts\/56818\/revisions"}],"wp:featuredmedia":[{"embeddable":true,"href":"https:\/\/zamanturkmenistan.com.tm\/index.php?rest_route=\/wp\/v2\/media\/56819"}],"wp:attachment":[{"href":"https:\/\/zamanturkmenistan.com.tm\/index.php?rest_route=%2Fwp%2Fv2%2Fmedia&parent=56818"}],"wp:term":[{"taxonomy":"category","embeddable":true,"href":"https:\/\/zamanturkmenistan.com.tm\/index.php?rest_route=%2Fwp%2Fv2%2Fcategories&post=56818"},{"taxonomy":"post_tag","embeddable":true,"href":"https:\/\/zamanturkmenistan.com.tm\/index.php?rest_route=%2Fwp%2Fv2%2Ftags&post=56818"}],"curies":[{"name":"wp","href":"https:\/\/api.w.org\/{rel}","templated":true}]}}