{"id":56834,"date":"2022-03-11T09:52:30","date_gmt":"2022-03-11T04:52:30","guid":{"rendered":"https:\/\/zamanturkmenistan.com.tm\/?p=56834"},"modified":"2022-03-11T09:52:50","modified_gmt":"2022-03-11T04:52:50","slug":"yurdun-ilkinji-zenan-prezidenti-2","status":"publish","type":"post","link":"https:\/\/zamanturkmenistan.com.tm\/?p=56834","title":{"rendered":"\u00ddurdu\u0148 ilkinji zenan Prezidenti"},"content":{"rendered":"<p>Wengri\u00fdany\u0148 milli parlamenti ma\u015fgala i\u015fleri, \u00fda\u015flar we halkara gatna\u015fyklar bo\u00fdun\u00e7a ministri Katalin Nowagy \u00fdurdu\u0148 t\u00e4ze Prezidenti wezipesine sa\u00fdlady. \u015ee\u00fdlelikde, Nowak \u00fdokary d\u00f6wlet wezipesine sa\u00fdlanan ilkinji zenan boldy.<\/p>\n<p>Wengri\u00fdany\u0148 milli parlamentinde 199 deputat bolup, Katalin Nowak olary\u0148 i\u0148 deputatlaryny\u0148 137-sini\u0148 sesini aldy.\u00a044 \u00fda\u015fyndaky Nowagy\u0148 sa\u00fdlawdaky esasy b\u00e4sde\u015fi 80 \u00fda\u015fyndaky ykdysat\u00e7y Peter Rona boldy.<\/p>\n<p>Wengri\u00fda Respublikasynda hereket ed\u00fd\u00e4n kanun\u00e7ylyga g\u00f6r\u00e4 \u00fdurdu\u0148 Prezidenti milli parlament tarapyndan 5 \u00fdyl m\u00f6hlete sa\u00fdlan\u00fdar. Mundan ozal 2012-nji \u00fdyldan b\u00e4ri \u00ddano\u015f Ader bu wezip\u00e4ni iki m\u00f6hlete amala a\u015fyrypdy.<\/p>\n","protected":false},"excerpt":{"rendered":"<p>Wengri\u00fdany\u0148 milli parlamenti ma\u015fgala i\u015fleri, \u00fda\u015flar we halkara gatna\u015fyklar bo\u00fdun\u00e7a ministri Katalin Nowagy \u00fdurdu\u0148 t\u00e4ze Prezidenti wezipesine sa\u00fdlady. \u015ee\u00fdlelikde, Nowak \u00fdokary d\u00f6wlet wezipesine sa\u00fdlanan ilkinji zenan boldy. Wengri\u00fdany\u0148 milli parlamentinde 199 deputat bolup, Katalin Nowak olary\u0148 i\u0148 deputatlaryny\u0148 137-sini\u0148 sesini aldy.\u00a044 \u00fda\u015fyndaky Nowagy\u0148 sa\u00fdlawdaky esasy b\u00e4sde\u015fi 80 \u00fda\u015fyndaky ykdysat\u00e7y Peter Rona boldy. Wengri\u00fda Respublikasynda hereket [&hellip;]<\/p>\n","protected":false},"author":2,"featured_media":56835,"comment_status":"open","ping_status":"closed","sticky":false,"template":"","format":"standard","meta":{"footnotes":""},"categories":[5],"tags":[],"acf":[],"_links":{"self":[{"href":"https:\/\/zamanturkmenistan.com.tm\/index.php?rest_route=\/wp\/v2\/posts\/56834"}],"collection":[{"href":"https:\/\/zamanturkmenistan.com.tm\/index.php?rest_route=\/wp\/v2\/posts"}],"about":[{"href":"https:\/\/zamanturkmenistan.com.tm\/index.php?rest_route=\/wp\/v2\/types\/post"}],"author":[{"embeddable":true,"href":"https:\/\/zamanturkmenistan.com.tm\/index.php?rest_route=\/wp\/v2\/users\/2"}],"replies":[{"embeddable":true,"href":"https:\/\/zamanturkmenistan.com.tm\/index.php?rest_route=%2Fwp%2Fv2%2Fcomments&post=56834"}],"version-history":[{"count":0,"href":"https:\/\/zamanturkmenistan.com.tm\/index.php?rest_route=\/wp\/v2\/posts\/56834\/revisions"}],"wp:featuredmedia":[{"embeddable":true,"href":"https:\/\/zamanturkmenistan.com.tm\/index.php?rest_route=\/wp\/v2\/media\/56835"}],"wp:attachment":[{"href":"https:\/\/zamanturkmenistan.com.tm\/index.php?rest_route=%2Fwp%2Fv2%2Fmedia&parent=56834"}],"wp:term":[{"taxonomy":"category","embeddable":true,"href":"https:\/\/zamanturkmenistan.com.tm\/index.php?rest_route=%2Fwp%2Fv2%2Fcategories&post=56834"},{"taxonomy":"post_tag","embeddable":true,"href":"https:\/\/zamanturkmenistan.com.tm\/index.php?rest_route=%2Fwp%2Fv2%2Ftags&post=56834"}],"curies":[{"name":"wp","href":"https:\/\/api.w.org\/{rel}","templated":true}]}}