{"id":56934,"date":"2022-03-12T11:49:21","date_gmt":"2022-03-12T06:49:21","guid":{"rendered":"https:\/\/zamanturkmenistan.com.tm\/?p=56934"},"modified":"2022-03-12T11:49:21","modified_gmt":"2022-03-12T06:49:21","slug":"ses-bermek-dowam-edyar","status":"publish","type":"post","link":"https:\/\/zamanturkmenistan.com.tm\/?p=56934","title":{"rendered":"Ses bermek dowam ed\u00fd\u00e4r"},"content":{"rendered":"<div class=\"news_page-text\">\n<p>T\u00fcrkmenistany\u0148 Prezidentini\u0148 sa\u00fdlawlary bo\u00fdun\u00e7a sagat 9-a \u00e7enli sa\u00fdlaw\u00e7ylary\u0148 25,24% ses berdi. Bu barada T\u00fcrkmenistanda sa\u00fdlawlary we sala sal\u015fyklary ge\u00e7irmek barada merkezi topary\u0148 resmi web-sa\u00fdtynda habar beril\u00fd\u00e4r.<\/p>\n<p>Has takygy, sa\u00fdlaw\u00e7ylary\u0148 Ahal wela\u00fdatynda 25,03%<strong>,<\/strong>\u00a0Balkan wela\u00fdatynda 27,40%<strong>,<\/strong>\u00a0Da\u015foguz wela\u00fdatynda 25,68%<strong>,<\/strong>\u00a0Lebap wela\u00fdatynda 24,37%<strong>,<\/strong>\u00a0Mary wela\u00fdatynda 24,64%<strong>,<\/strong>\u00a0A\u015fgabat \u015f\u00e4herinde 25,78% ses berdiler.<\/p>\n<p>Ses bermek dowam ed\u00fd\u00e4r.<\/p>\n<\/div>\n","protected":false},"excerpt":{"rendered":"<p>T\u00fcrkmenistany\u0148 Prezidentini\u0148 sa\u00fdlawlary bo\u00fdun\u00e7a sagat 9-a \u00e7enli sa\u00fdlaw\u00e7ylary\u0148 25,24% ses berdi. Bu barada T\u00fcrkmenistanda sa\u00fdlawlary we sala sal\u015fyklary ge\u00e7irmek barada merkezi topary\u0148 resmi web-sa\u00fdtynda habar beril\u00fd\u00e4r. Has takygy, sa\u00fdlaw\u00e7ylary\u0148 Ahal wela\u00fdatynda 25,03%,\u00a0Balkan wela\u00fdatynda 27,40%,\u00a0Da\u015foguz wela\u00fdatynda 25,68%,\u00a0Lebap wela\u00fdatynda 24,37%,\u00a0Mary wela\u00fdatynda 24,64%,\u00a0A\u015fgabat \u015f\u00e4herinde 25,78% ses berdiler. Ses bermek dowam ed\u00fd\u00e4r.<\/p>\n","protected":false},"author":2,"featured_media":56935,"comment_status":"open","ping_status":"closed","sticky":false,"template":"","format":"standard","meta":{"footnotes":""},"categories":[3],"tags":[],"acf":[],"_links":{"self":[{"href":"https:\/\/zamanturkmenistan.com.tm\/index.php?rest_route=\/wp\/v2\/posts\/56934"}],"collection":[{"href":"https:\/\/zamanturkmenistan.com.tm\/index.php?rest_route=\/wp\/v2\/posts"}],"about":[{"href":"https:\/\/zamanturkmenistan.com.tm\/index.php?rest_route=\/wp\/v2\/types\/post"}],"author":[{"embeddable":true,"href":"https:\/\/zamanturkmenistan.com.tm\/index.php?rest_route=\/wp\/v2\/users\/2"}],"replies":[{"embeddable":true,"href":"https:\/\/zamanturkmenistan.com.tm\/index.php?rest_route=%2Fwp%2Fv2%2Fcomments&post=56934"}],"version-history":[{"count":0,"href":"https:\/\/zamanturkmenistan.com.tm\/index.php?rest_route=\/wp\/v2\/posts\/56934\/revisions"}],"wp:featuredmedia":[{"embeddable":true,"href":"https:\/\/zamanturkmenistan.com.tm\/index.php?rest_route=\/wp\/v2\/media\/56935"}],"wp:attachment":[{"href":"https:\/\/zamanturkmenistan.com.tm\/index.php?rest_route=%2Fwp%2Fv2%2Fmedia&parent=56934"}],"wp:term":[{"taxonomy":"category","embeddable":true,"href":"https:\/\/zamanturkmenistan.com.tm\/index.php?rest_route=%2Fwp%2Fv2%2Fcategories&post=56934"},{"taxonomy":"post_tag","embeddable":true,"href":"https:\/\/zamanturkmenistan.com.tm\/index.php?rest_route=%2Fwp%2Fv2%2Ftags&post=56934"}],"curies":[{"name":"wp","href":"https:\/\/api.w.org\/{rel}","templated":true}]}}