{"id":56977,"date":"2022-03-13T08:14:42","date_gmt":"2022-03-13T03:14:42","guid":{"rendered":"https:\/\/zamanturkmenistan.com.tm\/?p=56977"},"modified":"2022-03-14T11:08:13","modified_gmt":"2022-03-14T06:08:13","slug":"ministrler-kabinetinin-baslygynyn-orunbasary-serdar-berdimuhamedow-masgala-agzalary-bilen-ses-berdi","status":"publish","type":"post","link":"https:\/\/zamanturkmenistan.com.tm\/?p=56977","title":{"rendered":"Ministrler Kabinetini\u0148 Ba\u015flygyny\u0148 orunbasary Serdar Berdimuhamedow ma\u015fgala agzalary bilen ses berdi"},"content":{"rendered":"<p>12-nji martda A\u015fgabat \u015f\u00e4herini\u0148 K\u00f6petdag etrabyndaky Annany\u00fdaz Artykow adyndaky 68-nji \u00fd\u00f6ritele\u015fdirilen orta mekdebinde \u00fderle\u015f\u00fd\u00e4n 48-nji sa\u00fdlaw u\u00e7astogyna T\u00fcrkmenistany\u0148 Prezidentini\u0148 wezipesine dala\u015fg\u00e4r, Ministrler Kabinetini\u0148 Ba\u015flygyny\u0148 orunbasary Serdar Berdimuhamedow awtoulagda ma\u015fgala agzalary bilen geldi.<\/p>\n<p>Bu awtoulag \u00fdurdumyzy\u0148 i\u00e7eri i\u015fler edaralarynda birkemsiz gulluk eden we watans\u00f6\u00fd\u00fcjiligi\u0148 be\u00fdik nusgasyny g\u00f6rkezen, milli Liderimizi\u0148 kakasy M\u00e4likguly Berdimuhamedowa bitiren hyzmatlaryna ho\u015fallygy\u0148 ny\u015fany h\u00f6km\u00fcnde sowgat berildi. H\u00e4zirki wagtda bu awtoulag gymmatly \u00fdadyg\u00e4rlik h\u00f6km\u00fcnde Berdimuhamedowlary\u0148 ma\u015fgalasynda saklan\u00fdar.<\/p>\n<p>Ilki bilen wise-prem\u00fder Serdar Berdimuhamedowy\u0148 ma\u015fgala agzalary ses berip, konstitusion hukugyny berja\u00fd etdiler.<\/p>\n<p>So\u0148ra i\u0148 \u00fdokary d\u00f6wlet wezipesine dala\u015fg\u00e4r ses bermegi\u0148 bar\u015fyna monitoring g\u00f6zeg\u00e7ilik ed\u00fd\u00e4n milli we halkara syn\u00e7ylary, k\u00f6p\u00e7\u00fclikle\u00fdin habar beri\u015f seri\u015fdelerini\u0148 \u00fdolba\u015f\u00e7ylary hem-de wekilleri bilen s\u00f6hbetde\u015f bolup, olary\u0148 sowallaryna jogap berdi.<\/p>\n<p>I\u0148 \u00fdokary d\u00f6wlet wezipesine dala\u015fg\u00e4r Serdar Berdimuhamedow \u00abHalkymyz ma\u0148a \u00fdokary ynam bildirip, T\u00fcrkmenistany\u0148 Prezidenti wezipesine sa\u00fdlan \u00fdagda\u00fdynda, d\u00f6wletimiz o\u0148yn Bitaraplyk sy\u00fdasatyna esaslan\u00fdan da\u015fary sy\u00fdasat ugruny dowam eder\u00bb di\u00fdip, belledi.<\/p>\n<p>\u015ee\u00fdle hem Prezident wezipesine dala\u015fg\u00e4r milli Liderimiz Gurbanguly Berdimuhamedowy\u0148 \u00f6\u0148e s\u00fcren ba\u015flangy\u00e7laryny mynasyp dowam etjekdigini a\u00fdtdy.<\/p>\n","protected":false},"excerpt":{"rendered":"<p>12-nji martda A\u015fgabat \u015f\u00e4herini\u0148 K\u00f6petdag etrabyndaky Annany\u00fdaz Artykow adyndaky 68-nji \u00fd\u00f6ritele\u015fdirilen orta mekdebinde \u00fderle\u015f\u00fd\u00e4n 48-nji sa\u00fdlaw u\u00e7astogyna T\u00fcrkmenistany\u0148 Prezidentini\u0148 wezipesine dala\u015fg\u00e4r, Ministrler Kabinetini\u0148 Ba\u015flygyny\u0148 orunbasary Serdar Berdimuhamedow awtoulagda ma\u015fgala agzalary bilen geldi. Bu awtoulag \u00fdurdumyzy\u0148 i\u00e7eri i\u015fler edaralarynda birkemsiz gulluk eden we watans\u00f6\u00fd\u00fcjiligi\u0148 be\u00fdik nusgasyny g\u00f6rkezen, milli Liderimizi\u0148 kakasy M\u00e4likguly Berdimuhamedowa bitiren hyzmatlaryna ho\u015fallygy\u0148 ny\u015fany [&hellip;]<\/p>\n","protected":false},"author":2,"featured_media":56979,"comment_status":"open","ping_status":"closed","sticky":false,"template":"","format":"standard","meta":{"footnotes":""},"categories":[3],"tags":[],"acf":[],"_links":{"self":[{"href":"https:\/\/zamanturkmenistan.com.tm\/index.php?rest_route=\/wp\/v2\/posts\/56977"}],"collection":[{"href":"https:\/\/zamanturkmenistan.com.tm\/index.php?rest_route=\/wp\/v2\/posts"}],"about":[{"href":"https:\/\/zamanturkmenistan.com.tm\/index.php?rest_route=\/wp\/v2\/types\/post"}],"author":[{"embeddable":true,"href":"https:\/\/zamanturkmenistan.com.tm\/index.php?rest_route=\/wp\/v2\/users\/2"}],"replies":[{"embeddable":true,"href":"https:\/\/zamanturkmenistan.com.tm\/index.php?rest_route=%2Fwp%2Fv2%2Fcomments&post=56977"}],"version-history":[{"count":0,"href":"https:\/\/zamanturkmenistan.com.tm\/index.php?rest_route=\/wp\/v2\/posts\/56977\/revisions"}],"wp:featuredmedia":[{"embeddable":true,"href":"https:\/\/zamanturkmenistan.com.tm\/index.php?rest_route=\/wp\/v2\/media\/56979"}],"wp:attachment":[{"href":"https:\/\/zamanturkmenistan.com.tm\/index.php?rest_route=%2Fwp%2Fv2%2Fmedia&parent=56977"}],"wp:term":[{"taxonomy":"category","embeddable":true,"href":"https:\/\/zamanturkmenistan.com.tm\/index.php?rest_route=%2Fwp%2Fv2%2Fcategories&post=56977"},{"taxonomy":"post_tag","embeddable":true,"href":"https:\/\/zamanturkmenistan.com.tm\/index.php?rest_route=%2Fwp%2Fv2%2Ftags&post=56977"}],"curies":[{"name":"wp","href":"https:\/\/api.w.org\/{rel}","templated":true}]}}