{"id":56978,"date":"2022-03-13T08:18:09","date_gmt":"2022-03-13T03:18:09","guid":{"rendered":"https:\/\/zamanturkmenistan.com.tm\/?p=56978"},"modified":"2022-03-13T08:18:09","modified_gmt":"2022-03-13T03:18:09","slug":"turkmenistanyn-prezidentinin-saylawlary-gecirildi","status":"publish","type":"post","link":"https:\/\/zamanturkmenistan.com.tm\/?p=56978","title":{"rendered":"T\u00fcrkmenistany\u0148 Prezidentini\u0148 sa\u00fdlawlary ge\u00e7irildi"},"content":{"rendered":"<p><strong>12-nji martda ata Watanymyzda T\u00fcrkmen d\u00f6wletini\u0148 Ba\u015ftutanyny\u0148 sa\u00fdlawlary a\u00fdratyn dabaraly \u00fdagda\u00fdda ge\u00e7irildi. Ir bilen \u00fdurdumyzda d\u00f6redilen sa\u00fdlaw u\u00e7astoklaryna sa\u00fdlaw\u00e7ylar \u00f6z konstitusion hukuklaryny berja\u00fd etmek\u2014i\u0148 \u00fdokary d\u00f6wlet wezipesine dala\u015fg\u00e4rleri\u0148 9-syndan has mynasybyna ses bermek \u00fc\u00e7in geldiler.<\/strong><\/p>\n<p><strong>\u00a0<\/strong><\/p>\n<p>Hereket ed\u00fd\u00e4n kanun\u00e7ylyga la\u00fdyklykda, 11-nji martda T\u00fcrkmenistanda sa\u00fdlawlary\u0148 \u00f6\u0148 \u00fdanyndaky wagyz i\u015fleri tamamlandy we ir sagat 07-de \u00fdurdumyzy\u0148 \u00e4hli sa\u00fdlaw u\u00e7astoklarynda ses bermek ba\u015flandy. T\u00fcrkmenistanda Sa\u00fdlawlary we sala sal\u015fyklary ge\u00e7irmek bo\u00fdun\u00e7a merkezi topary\u0148 maglumatlaryna g\u00f6r\u00e4, ir sagat 09-a \u00e7enli sa\u00fdlaw\u00e7ylary\u0148 umumy sanyny\u0148 25 g\u00f6terimden gowragy ses berdi, sagat 11-e \u00e7enli bolsa bu g\u00f6rkeziji 51 g\u00f6terimden ge\u00e7di. Sagat 13-e \u00e7enli T\u00fcrkmenistanda \u00f6zlerini\u0148 erk-ygty\u00fdaryny erkin be\u00fdan etm\u00e4ge konstitusion hukuklaryndan \u00e4hli bellige alnan sa\u00fdlaw\u00e7ylary\u0148 71<strong>\u00a0<\/strong>g\u00f6terimden gowragy, sagat 15-e \u00e7enli 86<strong>\u00a0<\/strong>g\u00f6terimden gowragy pe\u00fddalandy. Sagat 17-\u00e4 \u00e7enli ilaty\u0148 93 g\u00f6terimden gowragy ses berdi. Sagat 19-a, \u00fdagny sa\u00fdlaw u\u00e7astoklaryny\u0148 \u00fdapyl\u00fdan pursadyna \u00e7enli sa\u00fdlaw\u00e7ylary\u0148 97 g\u00f6terimden gowragy ses berdi.<\/p>\n<p>Bu m\u00f6h\u00fcm jemgy\u00fdet\u00e7ilik-sy\u00fdasy \u00e7\u00e4r\u00e4 doly ta\u00fd\u00fdarlyk bilen gelen \u00fdurdumyzy\u0148 \u00e4hli sa\u00fdlaw u\u00e7astoklarynda \u015fu g\u00fcn a\u00fdratyn i\u015fje\u0148lik, kalby jo\u015fgunlylyk we dabaralylyk emele geldi. Di\u00fdarymyzy\u0148 \u00e4hli \u015f\u00e4herlerinde we obalarynda T\u00fcrkmenistany\u0148 Prezidentini\u0148 sa\u00fdlawlary \u00fdokary ruhubelentlik \u00fdagda\u00fdynda ge\u00e7di. \u015eol \u00fderlerde konsertler we g\u00f6\u00e7me s\u00f6wdalar guraldy. Bu \u015fanly g\u00fcn ilkinji gezek ses berm\u00e4ge gatna\u015fan \u00fda\u015f sa\u00fdlaw\u00e7ylary\u0148 a\u00fdratyn \u00fdadynda galar. Sa\u00fdlaw u\u00e7astoklarynda olara g\u00fcl desseleri we \u00fdadyg\u00e4rlik sowgatlary gow\u015furyldy.<\/p>\n<p>Merkezi sa\u00fdlaw toparyny\u0148 habar ber\u015fi \u00fdaly, T\u00fcrkmenistany\u0148 pa\u00fdtagtynda we b\u00e4\u015f wela\u00fdatynda \u00fdurdumyzda hereket ed\u00fd\u00e4n kanun\u00e7ylyga hem-de halkara hukugyny\u0148 kadalaryna berk la\u00fdyklykda ge\u00e7en sa\u00fdlaw m\u00f6ws\u00fcmini\u0148 \u00fdokary gurama\u00e7ylyk derejesi bellenildi. Bu \u00fdagda\u00fdy \u00fderlerde sa\u00fdlawlary\u0148 bar\u015fyna g\u00f6zeg\u00e7iligi amala a\u015fyran milli syn\u00e7ylar hem doly tassykladylar. Mu\u0148a Gara\u015fsyz D\u00f6wletleri\u0148 Arkala\u015fygyndan, \u015eanha\u00fd Hyzmatda\u015flyk Guramasyndan, Yslam Hyzmatda\u015flyk Guramasyndan, T\u00fcrki D\u00f6wletleri\u0148 Guramasyndan we da\u015fary \u00fdurtlardan syn\u00e7ylary\u0148 wekilligini\u0148 agzalary g\u00f6z \u00fdetirdiler. Olara sa\u00fdlawlary\u0148 n\u00e4derejede ge\u00e7endigi barada anyk maglumat almaga, t\u00fcrkmen halkyny\u0148 agzybirligine hem-de jebisligine g\u00f6z \u00fdetirm\u00e4ge doly m\u00fcmkin\u00e7ilik boldy.<\/p>\n<p>T\u00fcrkmenistany\u0148 Prezidentini\u0148 sa\u00fdlawlary we \u015fonu\u0148 bilen baglany\u015fykly wakalar halkara jemgy\u00fdet\u00e7iliginde hem-de d\u00fcn\u00fd\u00e4ni\u0148 k\u00f6p\u00e7\u00fclikle\u00fdin habar beri\u015f seri\u015fdelerinde \u00e4girt uly gyzyklanma d\u00f6retdi. \u015eu g\u00fcn sa\u00fdlaw u\u00e7astoklarynda bolan k\u00f6psanly da\u015fary \u00fdurtly \u017eurnalistler hem sa\u00fdlawlary\u0148 demokrati\u00fda \u00fdagda\u00fdynda ge\u00e7irilendigine g\u00f6z \u00fdetirdiler.<\/p>\n<p>T\u00fcrkmenistany\u0148 Prezidentini\u0148 \u00e4hlihalk sa\u00fdlawlary gurama\u00e7ylykly ge\u00e7irildi. \u00ddakyn g\u00fcnlerde ses bermegi\u0148 gutarnykly jemleri jemlener.<\/p>\n","protected":false},"excerpt":{"rendered":"<p>12-nji martda ata Watanymyzda T\u00fcrkmen d\u00f6wletini\u0148 Ba\u015ftutanyny\u0148 sa\u00fdlawlary a\u00fdratyn dabaraly \u00fdagda\u00fdda ge\u00e7irildi. Ir bilen \u00fdurdumyzda d\u00f6redilen sa\u00fdlaw u\u00e7astoklaryna sa\u00fdlaw\u00e7ylar \u00f6z konstitusion hukuklaryny berja\u00fd etmek\u2014i\u0148 \u00fdokary d\u00f6wlet wezipesine dala\u015fg\u00e4rleri\u0148 9-syndan has mynasybyna ses bermek \u00fc\u00e7in geldiler. \u00a0 Hereket ed\u00fd\u00e4n kanun\u00e7ylyga la\u00fdyklykda, 11-nji martda T\u00fcrkmenistanda sa\u00fdlawlary\u0148 \u00f6\u0148 \u00fdanyndaky wagyz i\u015fleri tamamlandy we ir sagat 07-de \u00fdurdumyzy\u0148 \u00e4hli [&hellip;]<\/p>\n","protected":false},"author":2,"featured_media":56955,"comment_status":"open","ping_status":"closed","sticky":false,"template":"","format":"standard","meta":{"footnotes":""},"categories":[3],"tags":[],"acf":[],"_links":{"self":[{"href":"https:\/\/zamanturkmenistan.com.tm\/index.php?rest_route=\/wp\/v2\/posts\/56978"}],"collection":[{"href":"https:\/\/zamanturkmenistan.com.tm\/index.php?rest_route=\/wp\/v2\/posts"}],"about":[{"href":"https:\/\/zamanturkmenistan.com.tm\/index.php?rest_route=\/wp\/v2\/types\/post"}],"author":[{"embeddable":true,"href":"https:\/\/zamanturkmenistan.com.tm\/index.php?rest_route=\/wp\/v2\/users\/2"}],"replies":[{"embeddable":true,"href":"https:\/\/zamanturkmenistan.com.tm\/index.php?rest_route=%2Fwp%2Fv2%2Fcomments&post=56978"}],"version-history":[{"count":0,"href":"https:\/\/zamanturkmenistan.com.tm\/index.php?rest_route=\/wp\/v2\/posts\/56978\/revisions"}],"wp:featuredmedia":[{"embeddable":true,"href":"https:\/\/zamanturkmenistan.com.tm\/index.php?rest_route=\/wp\/v2\/media\/56955"}],"wp:attachment":[{"href":"https:\/\/zamanturkmenistan.com.tm\/index.php?rest_route=%2Fwp%2Fv2%2Fmedia&parent=56978"}],"wp:term":[{"taxonomy":"category","embeddable":true,"href":"https:\/\/zamanturkmenistan.com.tm\/index.php?rest_route=%2Fwp%2Fv2%2Fcategories&post=56978"},{"taxonomy":"post_tag","embeddable":true,"href":"https:\/\/zamanturkmenistan.com.tm\/index.php?rest_route=%2Fwp%2Fv2%2Ftags&post=56978"}],"curies":[{"name":"wp","href":"https:\/\/api.w.org\/{rel}","templated":true}]}}