{"id":56981,"date":"2022-03-13T08:17:11","date_gmt":"2022-03-13T03:17:11","guid":{"rendered":"https:\/\/zamanturkmenistan.com.tm\/?p=56981"},"modified":"2022-03-13T08:17:11","modified_gmt":"2022-03-13T03:17:11","slug":"rayatlarymyz-dasary-yurtlarda-ses-berdiler","status":"publish","type":"post","link":"https:\/\/zamanturkmenistan.com.tm\/?p=56981","title":{"rendered":"Ra\u00fdatlarymyz da\u015fary \u00fdurtlarda ses berdiler"},"content":{"rendered":"<p>T\u00fcrkmenistany\u0148 Da\u015fary i\u015fler ministrliginden habar berli\u015fi \u00fdaly, \u00fdurdumyzy\u0148 da\u015fary d\u00f6wletlerd\u00e4ki diplomatik wekilhanalaryny\u0148 we konsullyk edaralaryny\u0148 \u00fdanynda d\u00f6redilen sa\u00fdlaw u\u00e7astoklaryny\u0148 41-sinde sa\u00fdlaw\u00e7ylary\u0148 \u00fdokary i\u015fje\u0148lik bilen gatna\u015fmagynda T\u00fcrkmenistany\u0148 Prezidentini\u0148 sa\u00fdlawlary gurama\u00e7ylykly ge\u00e7di.<\/p>\n<p>Sa\u00fdlaw u\u00e7astoklary d\u00fcn\u00fd\u00e4ni\u0148 her sebitind\u00e4ki \u00fderli wagta la\u00fdyklykda, ir s\u00e4her bilen a\u00e7yldy. Jemgy\u00fdet\u00e7ilik-sy\u00fdasy \u00e7\u00e4r\u00e4ni\u0148 gurama\u00e7ylary tarapyndan sa\u00fdlawlary\u0148 ge\u00e7\u00fd\u00e4n d\u00f6wri da\u015fary d\u00f6wletlerde bolan \u00fdurdumyzy\u0148 ra\u00fdatlaryny\u0148 konstitusion hukuklaryndan pe\u00fddalanmagy \u00fc\u00e7in \u00e4hli \u015fertler d\u00f6redildi.<\/p>\n<p>Syn\u00e7ylary\u0148 baha bermegine g\u00f6r\u00e4, \u00e4hli sa\u00fdlaw u\u00e7astoklarynda ses bermek \u00e7\u00e4resi d\u00fcn\u00fd\u00e4ni\u0148 d\u00fcrli k\u00fcnjeklerinde \u00fda\u015fa\u00fdan, i\u015fle\u00fd\u00e4n we oka\u00fdan ilde\u015flerimizi\u0148 \u00fdokary ra\u00fdat jogapk\u00e4r\u00e7iligini we d\u00fc\u015f\u00fcnjeliligini g\u00f6rkezdi.<\/p>\n","protected":false},"excerpt":{"rendered":"<p>T\u00fcrkmenistany\u0148 Da\u015fary i\u015fler ministrliginden habar berli\u015fi \u00fdaly, \u00fdurdumyzy\u0148 da\u015fary d\u00f6wletlerd\u00e4ki diplomatik wekilhanalaryny\u0148 we konsullyk edaralaryny\u0148 \u00fdanynda d\u00f6redilen sa\u00fdlaw u\u00e7astoklaryny\u0148 41-sinde sa\u00fdlaw\u00e7ylary\u0148 \u00fdokary i\u015fje\u0148lik bilen gatna\u015fmagynda T\u00fcrkmenistany\u0148 Prezidentini\u0148 sa\u00fdlawlary gurama\u00e7ylykly ge\u00e7di. Sa\u00fdlaw u\u00e7astoklary d\u00fcn\u00fd\u00e4ni\u0148 her sebitind\u00e4ki \u00fderli wagta la\u00fdyklykda, ir s\u00e4her bilen a\u00e7yldy. Jemgy\u00fdet\u00e7ilik-sy\u00fdasy \u00e7\u00e4r\u00e4ni\u0148 gurama\u00e7ylary tarapyndan sa\u00fdlawlary\u0148 ge\u00e7\u00fd\u00e4n d\u00f6wri da\u015fary d\u00f6wletlerde bolan \u00fdurdumyzy\u0148 ra\u00fdatlaryny\u0148 konstitusion [&hellip;]<\/p>\n","protected":false},"author":2,"featured_media":56982,"comment_status":"open","ping_status":"closed","sticky":false,"template":"","format":"standard","meta":{"footnotes":""},"categories":[3],"tags":[],"acf":[],"_links":{"self":[{"href":"https:\/\/zamanturkmenistan.com.tm\/index.php?rest_route=\/wp\/v2\/posts\/56981"}],"collection":[{"href":"https:\/\/zamanturkmenistan.com.tm\/index.php?rest_route=\/wp\/v2\/posts"}],"about":[{"href":"https:\/\/zamanturkmenistan.com.tm\/index.php?rest_route=\/wp\/v2\/types\/post"}],"author":[{"embeddable":true,"href":"https:\/\/zamanturkmenistan.com.tm\/index.php?rest_route=\/wp\/v2\/users\/2"}],"replies":[{"embeddable":true,"href":"https:\/\/zamanturkmenistan.com.tm\/index.php?rest_route=%2Fwp%2Fv2%2Fcomments&post=56981"}],"version-history":[{"count":0,"href":"https:\/\/zamanturkmenistan.com.tm\/index.php?rest_route=\/wp\/v2\/posts\/56981\/revisions"}],"wp:featuredmedia":[{"embeddable":true,"href":"https:\/\/zamanturkmenistan.com.tm\/index.php?rest_route=\/wp\/v2\/media\/56982"}],"wp:attachment":[{"href":"https:\/\/zamanturkmenistan.com.tm\/index.php?rest_route=%2Fwp%2Fv2%2Fmedia&parent=56981"}],"wp:term":[{"taxonomy":"category","embeddable":true,"href":"https:\/\/zamanturkmenistan.com.tm\/index.php?rest_route=%2Fwp%2Fv2%2Fcategories&post=56981"},{"taxonomy":"post_tag","embeddable":true,"href":"https:\/\/zamanturkmenistan.com.tm\/index.php?rest_route=%2Fwp%2Fv2%2Ftags&post=56981"}],"curies":[{"name":"wp","href":"https:\/\/api.w.org\/{rel}","templated":true}]}}