{"id":56992,"date":"2022-03-13T12:38:11","date_gmt":"2022-03-13T07:38:11","guid":{"rendered":"https:\/\/zamanturkmenistan.com.tm\/?p=56992"},"modified":"2022-03-14T11:04:37","modified_gmt":"2022-03-14T06:04:37","slug":"saylawlara-gatnasyk-9712-boldy","status":"publish","type":"post","link":"https:\/\/zamanturkmenistan.com.tm\/?p=56992","title":{"rendered":"Sa\u00fdlawlara gatna\u015fyk 97,12% boldy"},"content":{"rendered":"<p>12-nji martda T\u00fcrkmenistanda ge\u00e7irilen Prezident sa\u00fdlawlaryna gatna\u015fyk 97,12% boldy.<\/p>\n<p>Has takygy, sa\u00fdlaw\u00e7ylary\u0148 Ahal wela\u00fdatynda 97,68%<strong>,<\/strong>\u00a0Balkan wela\u00fdatynda 97,29%<strong>,<\/strong>\u00a0Da\u015foguz wela\u00fdatynda 96,80%<strong>,<\/strong> Lebap wela\u00fdatynda 97,13%<strong>,<\/strong>\u00a0Mary wela\u00fdatynda 96,97%<strong>,<\/strong>\u00a0A\u015fgabat \u015f\u00e4herinde 97,51% ses berdiler.<\/p>\n<p>\u015ee\u00fdle hem, sagat 19-a \u00e7enli da\u015fary \u00fdurtdaky sa\u00fdlaw u\u00e7astoklarynda 90,93% sa\u00fdlaw\u00e7ylar ses berdi.<\/p>\n<p>\u00dd\u00f6ne da\u015fary \u00fdurtlardaky k\u00e4bir sa\u00fdlaw u\u00e7astoklarynda ses bermek dowam ed\u00fd\u00e4r.<\/p>\n","protected":false},"excerpt":{"rendered":"<p>12-nji martda T\u00fcrkmenistanda ge\u00e7irilen Prezident sa\u00fdlawlaryna gatna\u015fyk 97,12% boldy. Has takygy, sa\u00fdlaw\u00e7ylary\u0148 Ahal wela\u00fdatynda 97,68%,\u00a0Balkan wela\u00fdatynda 97,29%,\u00a0Da\u015foguz wela\u00fdatynda 96,80%, Lebap wela\u00fdatynda 97,13%,\u00a0Mary wela\u00fdatynda 96,97%,\u00a0A\u015fgabat \u015f\u00e4herinde 97,51% ses berdiler. \u015ee\u00fdle hem, sagat 19-a \u00e7enli da\u015fary \u00fdurtdaky sa\u00fdlaw u\u00e7astoklarynda 90,93% sa\u00fdlaw\u00e7ylar ses berdi. \u00dd\u00f6ne da\u015fary \u00fdurtlardaky k\u00e4bir sa\u00fdlaw u\u00e7astoklarynda ses bermek dowam ed\u00fd\u00e4r.<\/p>\n","protected":false},"author":2,"featured_media":56994,"comment_status":"open","ping_status":"closed","sticky":false,"template":"","format":"standard","meta":{"footnotes":""},"categories":[3],"tags":[],"acf":[],"_links":{"self":[{"href":"https:\/\/zamanturkmenistan.com.tm\/index.php?rest_route=\/wp\/v2\/posts\/56992"}],"collection":[{"href":"https:\/\/zamanturkmenistan.com.tm\/index.php?rest_route=\/wp\/v2\/posts"}],"about":[{"href":"https:\/\/zamanturkmenistan.com.tm\/index.php?rest_route=\/wp\/v2\/types\/post"}],"author":[{"embeddable":true,"href":"https:\/\/zamanturkmenistan.com.tm\/index.php?rest_route=\/wp\/v2\/users\/2"}],"replies":[{"embeddable":true,"href":"https:\/\/zamanturkmenistan.com.tm\/index.php?rest_route=%2Fwp%2Fv2%2Fcomments&post=56992"}],"version-history":[{"count":0,"href":"https:\/\/zamanturkmenistan.com.tm\/index.php?rest_route=\/wp\/v2\/posts\/56992\/revisions"}],"wp:featuredmedia":[{"embeddable":true,"href":"https:\/\/zamanturkmenistan.com.tm\/index.php?rest_route=\/wp\/v2\/media\/56994"}],"wp:attachment":[{"href":"https:\/\/zamanturkmenistan.com.tm\/index.php?rest_route=%2Fwp%2Fv2%2Fmedia&parent=56992"}],"wp:term":[{"taxonomy":"category","embeddable":true,"href":"https:\/\/zamanturkmenistan.com.tm\/index.php?rest_route=%2Fwp%2Fv2%2Fcategories&post=56992"},{"taxonomy":"post_tag","embeddable":true,"href":"https:\/\/zamanturkmenistan.com.tm\/index.php?rest_route=%2Fwp%2Fv2%2Ftags&post=56992"}],"curies":[{"name":"wp","href":"https:\/\/api.w.org\/{rel}","templated":true}]}}