{"id":57057,"date":"2022-03-14T16:20:41","date_gmt":"2022-03-14T11:20:41","guid":{"rendered":"https:\/\/zamanturkmenistan.com.tm\/?p=57057"},"modified":"2022-03-14T16:20:41","modified_gmt":"2022-03-14T11:20:41","slug":"turki-dowletlerin-guramasynyn-bas-sekretary-bilen-dususyk","status":"publish","type":"post","link":"https:\/\/zamanturkmenistan.com.tm\/?p=57057","title":{"rendered":"T\u00fcrki d\u00f6wletleri\u0148 guramasyny\u0148 Ba\u015f sekretary bilen du\u015fu\u015fyk"},"content":{"rendered":"<p>13-nji martda T\u00fcrkmenistany\u0148 Da\u015fary i\u015fler ministri Ra\u015fid Meredow T\u00fcrkmenistany\u0148 Prezidentini\u0148 sa\u00fdlawlaryna gatna\u015fan TDG-ni\u0148 syn\u00e7ylar toparyny\u0148 \u00fdolba\u015f\u00e7ylygynda T\u00fcrkmenistany\u0148 pa\u00fdtagtyna gelen T\u00fcrki d\u00f6wletleri\u0148 guramasyny\u0148 (TDG) Ba\u015f sekretary Bagdad Amre\u00fdewi kabul etdi.<\/p>\n<p>Du\u015fu\u015fygy\u0148 bar\u015fynda nygtaly\u015fy \u00fdaly, T\u00fcrkmenistan T\u00fcrki d\u00f6wletleri\u0148 guramasy bilen gatna\u015fyklaryny\u0148 \u00f6sd\u00fcrilmegini \u00f6z\u00fcni\u0148 sebitle\u00fdin we \u00e4hlumumy hereketlere gatna\u015fygyny\u0148 umumy ugruny nazarda tutmak arkaly ileri tut\u00fdar.<\/p>\n<p>Bu ugurda T\u00fcrkmenistany\u0148 T\u00fcrki d\u00f6wletleri\u0148 guramasyny\u0148 \u00fdanyndaky halkara d\u00fcz\u00fcmleri\u0148 en\u00e7emesi, hususan hem \u00dda\u015fulylar Ge\u0148e\u015fi, T\u00fcrki d\u00f6wletleri\u0148 guramasyny\u0148 Parlament assamble\u00fdasy hem-de T\u00fcrki s\u00f6wda-senagat edarasy bilen hyzmatda\u015flygyny\u0148 ilerledilmegine gyzyklanma bildir\u00fd\u00e4ndigi bellenildi.<\/p>\n<p>T\u00fcrki d\u00f6wletleri\u0148 guramasyny\u0148 Ba\u015f sekretary \u00f6z nobatynda sa\u00fdlawlara gatna\u015fmaga \u00e7agyrandygy \u00fc\u00e7in t\u00fcrkmen tarapyna minnetdarlygyny be\u00fdan edip, T\u00fcrkmenistanda ge\u00e7irilen Prezident sa\u00fdlawlaryna \u00fdokary baha berdi hem-de sa\u00fdlawlary\u0148 a\u00e7yk, a\u00fddy\u0148lyk we demokratiki \u00fdagda\u00fdda ge\u00e7irilendigini nygtady.<\/p>\n<p>\u015ee\u00fdle-de B.Amre\u00fdew T\u00fcrkmenistany\u0148 onu\u0148 wekil\u00e7ilik ed\u00fd\u00e4n halkara d\u00fcz\u00fcmini\u0148 i\u015fine i\u015fje\u0148 gatna\u015f\u00fdandygyny\u0148 \u00e4hmi\u00fdetini nygtamak bilen, h\u00e4zirki wagtda T\u00fcrki d\u00f6wletleri\u0148 guramasy tarapyndan durmu\u015fa ge\u00e7iril\u00fd\u00e4n derwa\u00fdys taslamalara hem-de maksatnamalara \u00fcns \u00e7ekdi.<\/p>\n","protected":false},"excerpt":{"rendered":"<p>13-nji martda T\u00fcrkmenistany\u0148 Da\u015fary i\u015fler ministri Ra\u015fid Meredow T\u00fcrkmenistany\u0148 Prezidentini\u0148 sa\u00fdlawlaryna gatna\u015fan TDG-ni\u0148 syn\u00e7ylar toparyny\u0148 \u00fdolba\u015f\u00e7ylygynda T\u00fcrkmenistany\u0148 pa\u00fdtagtyna gelen T\u00fcrki d\u00f6wletleri\u0148 guramasyny\u0148 (TDG) Ba\u015f sekretary Bagdad Amre\u00fdewi kabul etdi. Du\u015fu\u015fygy\u0148 bar\u015fynda nygtaly\u015fy \u00fdaly, T\u00fcrkmenistan T\u00fcrki d\u00f6wletleri\u0148 guramasy bilen gatna\u015fyklaryny\u0148 \u00f6sd\u00fcrilmegini \u00f6z\u00fcni\u0148 sebitle\u00fdin we \u00e4hlumumy hereketlere gatna\u015fygyny\u0148 umumy ugruny nazarda tutmak arkaly ileri tut\u00fdar. Bu ugurda [&hellip;]<\/p>\n","protected":false},"author":2,"featured_media":57058,"comment_status":"open","ping_status":"closed","sticky":false,"template":"","format":"standard","meta":{"footnotes":""},"categories":[3],"tags":[3146],"acf":[],"_links":{"self":[{"href":"https:\/\/zamanturkmenistan.com.tm\/index.php?rest_route=\/wp\/v2\/posts\/57057"}],"collection":[{"href":"https:\/\/zamanturkmenistan.com.tm\/index.php?rest_route=\/wp\/v2\/posts"}],"about":[{"href":"https:\/\/zamanturkmenistan.com.tm\/index.php?rest_route=\/wp\/v2\/types\/post"}],"author":[{"embeddable":true,"href":"https:\/\/zamanturkmenistan.com.tm\/index.php?rest_route=\/wp\/v2\/users\/2"}],"replies":[{"embeddable":true,"href":"https:\/\/zamanturkmenistan.com.tm\/index.php?rest_route=%2Fwp%2Fv2%2Fcomments&post=57057"}],"version-history":[{"count":0,"href":"https:\/\/zamanturkmenistan.com.tm\/index.php?rest_route=\/wp\/v2\/posts\/57057\/revisions"}],"wp:featuredmedia":[{"embeddable":true,"href":"https:\/\/zamanturkmenistan.com.tm\/index.php?rest_route=\/wp\/v2\/media\/57058"}],"wp:attachment":[{"href":"https:\/\/zamanturkmenistan.com.tm\/index.php?rest_route=%2Fwp%2Fv2%2Fmedia&parent=57057"}],"wp:term":[{"taxonomy":"category","embeddable":true,"href":"https:\/\/zamanturkmenistan.com.tm\/index.php?rest_route=%2Fwp%2Fv2%2Fcategories&post=57057"},{"taxonomy":"post_tag","embeddable":true,"href":"https:\/\/zamanturkmenistan.com.tm\/index.php?rest_route=%2Fwp%2Fv2%2Ftags&post=57057"}],"curies":[{"name":"wp","href":"https:\/\/api.w.org\/{rel}","templated":true}]}}