{"id":57468,"date":"2022-03-25T21:01:53","date_gmt":"2022-03-25T16:01:53","guid":{"rendered":"https:\/\/zamanturkmenistan.com.tm\/?p=57468"},"modified":"2022-03-24T21:03:16","modified_gmt":"2022-03-24T16:03:16","slug":"aerokosmos-pudagyna-uly-maya-goyum","status":"publish","type":"post","link":"https:\/\/zamanturkmenistan.com.tm\/?p=57468","title":{"rendered":"Ae\u00adro\u00adkos\u00admos pu\u00adda\u00adgy\u00adna uly ma\u00ad\u00fda go\u00ad\u00fdum"},"content":{"rendered":"<p>Is\u00adpa\u00adni\u00ad\u00fda\u00adny\u0148 Mi\u00adnistr\u00adler Ge\u00ad\u0148e\u00ad\u015fi ae\u00adro\u00adkos\u00admos pu\u00adda\u00adgy\u00adny \u00f6s\u00add\u00fcr\u00admek bo\u00ad\u00fdun\u00ad\u00e7a m\u00f6\u00adh\u00fcm tas\u00adla\u00adma\u00adny tas\u00adsyk\u00adla\u00addy. Bu tas\u00adla\u00adma \u00fdurt\u00adda ho\u00adwa\u00adny\u0148 \u00fc\u00fdt\u00adge\u00adme\u00adgi\u00adne gar\u00ad\u015fy g\u00f6\u00adre\u015f\u00admek we san\u00adly ul\u00adga\u00adma ge\u00e7\u00admek \u00fda\u00adly ugur\u00adla\u00adry \u00f6z i\u00e7i\u00adne al\u00ad\u00fdar. \u00abNextGe\u00adne\u00adra\u00adtio\u00adnEU\u00bb di\u00adkel\u00addi\u015f me\u00ad\u00fdil\u00adna\u00adma\u00adsy esa\u00adsyn\u00adda i\u015f\u00adle\u00adnip d\u00fc\u00adz\u00fc\u00adlen tas\u00adla\u00adma\u00adny dur\u00admu\u00ad\u015fa ge\u00e7ir\u00admek \u00fc\u00e7in 2021-2025-nji \u00fdyl\u00adlar ara\u00adly\u00adgyn\u00adda tak\u00admy\u00adnan, 4533 mil\u00adliard \u00fdew\u00adro g\u00f6\u00adn\u00fck\u00addir\u00admek me\u00ad\u00fdil\u00adle\u015f\u00addir\u00adil\u00fd\u00e4r. Is\u00adpa\u00adni\u00ad\u00fda\u00adny\u0148 ylym we in\u00adno\u00adwa\u00adsi\u00ad\u00fda mi\u00adnist\u00adri Dia\u00adna Mo\u00adran\u00adty\u0148 pi\u00adki\u00adri\u00adne g\u00f6\u00adr\u00e4, bu tas\u00adla\u00adma yk\u00adjam te\u00adle\u00adfon, GPS, ho\u00adwa mag\u00adlu\u00adma\u00adty we azyk \u00fcp\u00adj\u00fcn\u00ad\u00e7i\u00adli\u00adgi \u00fda\u00adly g\u00fcn\u00adde\u00adlik hyz\u00admat\u00adlar \u00fc\u00e7in m\u00f6\u00adh\u00fcm bo\u00adlup dur\u00ad\u00fdar. \u015ee\u00fd\u00adle hem Is\u00adpa\u00adni\u00ad\u00fda\u00adny\u0148 kos\u00admos gul\u00adlu\u00adgy\u00adny d\u00f6\u00adret\u00admek g\u00f6z \u00f6\u0148\u00fcn\u00adde tu\u00adtul\u00ad\u00fdar.<\/p>\n<p><strong>My\u00adrat\u00adly AN\u00adNA\u00ad\u00ddEW,<br \/>\nS.A.Ny\u00ad\u00fda\u00adzow adyn\u00adda\u00adky T\u00fcrk\u00admen oba ho\u00adja\u00adlyk uni\u00adwer\u00adsi\u00adte\u00adti\u00adni\u0148 ta\u00adly\u00adby.<\/strong><\/p>\n","protected":false},"excerpt":{"rendered":"<p>Is\u00adpa\u00adni\u00ad\u00fda\u00adny\u0148 Mi\u00adnistr\u00adler Ge\u00ad\u0148e\u00ad\u015fi ae\u00adro\u00adkos\u00admos pu\u00adda\u00adgy\u00adny \u00f6s\u00add\u00fcr\u00admek bo\u00ad\u00fdun\u00ad\u00e7a m\u00f6\u00adh\u00fcm tas\u00adla\u00adma\u00adny tas\u00adsyk\u00adla\u00addy. Bu tas\u00adla\u00adma \u00fdurt\u00adda ho\u00adwa\u00adny\u0148 \u00fc\u00fdt\u00adge\u00adme\u00adgi\u00adne gar\u00ad\u015fy g\u00f6\u00adre\u015f\u00admek we san\u00adly ul\u00adga\u00adma ge\u00e7\u00admek \u00fda\u00adly ugur\u00adla\u00adry \u00f6z i\u00e7i\u00adne al\u00ad\u00fdar. \u00abNextGe\u00adne\u00adra\u00adtio\u00adnEU\u00bb di\u00adkel\u00addi\u015f me\u00ad\u00fdil\u00adna\u00adma\u00adsy esa\u00adsyn\u00adda i\u015f\u00adle\u00adnip d\u00fc\u00adz\u00fc\u00adlen tas\u00adla\u00adma\u00adny dur\u00admu\u00ad\u015fa ge\u00e7ir\u00admek \u00fc\u00e7in 2021-2025-nji \u00fdyl\u00adlar ara\u00adly\u00adgyn\u00adda tak\u00admy\u00adnan, 4533 mil\u00adliard \u00fdew\u00adro g\u00f6\u00adn\u00fck\u00addir\u00admek me\u00ad\u00fdil\u00adle\u015f\u00addir\u00adil\u00fd\u00e4r. Is\u00adpa\u00adni\u00ad\u00fda\u00adny\u0148 ylym we in\u00adno\u00adwa\u00adsi\u00ad\u00fda mi\u00adnist\u00adri Dia\u00adna Mo\u00adran\u00adty\u0148 pi\u00adki\u00adri\u00adne g\u00f6\u00adr\u00e4, bu [&hellip;]<\/p>\n","protected":false},"author":2,"featured_media":57469,"comment_status":"open","ping_status":"closed","sticky":false,"template":"","format":"status","meta":{"footnotes":""},"categories":[8],"tags":[],"acf":[],"_links":{"self":[{"href":"https:\/\/zamanturkmenistan.com.tm\/index.php?rest_route=\/wp\/v2\/posts\/57468"}],"collection":[{"href":"https:\/\/zamanturkmenistan.com.tm\/index.php?rest_route=\/wp\/v2\/posts"}],"about":[{"href":"https:\/\/zamanturkmenistan.com.tm\/index.php?rest_route=\/wp\/v2\/types\/post"}],"author":[{"embeddable":true,"href":"https:\/\/zamanturkmenistan.com.tm\/index.php?rest_route=\/wp\/v2\/users\/2"}],"replies":[{"embeddable":true,"href":"https:\/\/zamanturkmenistan.com.tm\/index.php?rest_route=%2Fwp%2Fv2%2Fcomments&post=57468"}],"version-history":[{"count":0,"href":"https:\/\/zamanturkmenistan.com.tm\/index.php?rest_route=\/wp\/v2\/posts\/57468\/revisions"}],"wp:featuredmedia":[{"embeddable":true,"href":"https:\/\/zamanturkmenistan.com.tm\/index.php?rest_route=\/wp\/v2\/media\/57469"}],"wp:attachment":[{"href":"https:\/\/zamanturkmenistan.com.tm\/index.php?rest_route=%2Fwp%2Fv2%2Fmedia&parent=57468"}],"wp:term":[{"taxonomy":"category","embeddable":true,"href":"https:\/\/zamanturkmenistan.com.tm\/index.php?rest_route=%2Fwp%2Fv2%2Fcategories&post=57468"},{"taxonomy":"post_tag","embeddable":true,"href":"https:\/\/zamanturkmenistan.com.tm\/index.php?rest_route=%2Fwp%2Fv2%2Ftags&post=57468"}],"curies":[{"name":"wp","href":"https:\/\/api.w.org\/{rel}","templated":true}]}}