{"id":57491,"date":"2022-03-25T21:18:20","date_gmt":"2022-03-25T16:18:20","guid":{"rendered":"https:\/\/zamanturkmenistan.com.tm\/?p=57491"},"modified":"2022-03-24T21:21:01","modified_gmt":"2022-03-24T16:21:01","slug":"germaniyadaky-zawodyny-acdy-2","status":"publish","type":"post","link":"https:\/\/zamanturkmenistan.com.tm\/?p=57491","title":{"rendered":"Ger\u00adma\u00adni\u00ad\u00fda\u00adda\u00adky za\u00adwo\u00addy\u00adny a\u00e7\u00addy"},"content":{"rendered":"<p>\u00abTes\u00adla\u00bb kom\u00adpa\u00adni\u00ad\u00fda\u00adsy\u00adny\u0148 \u00ddew\u00adro\u00adpa\u00adda\u00adky il\u00adkin\u00adji za\u00adwo\u00addy Ger\u00adma\u00adni\u00ad\u00fda\u00adny\u0148 Ber\u00adlin \u015f\u00e4\u00adhe\u00adri\u00adni\u0148 go\u00adla\u00ad\u00fdyn\u00adda a\u00e7yl\u00addy. A\u00e7y\u00adly\u015f da\u00adba\u00adra\u00adsy\u00adna Ger\u00adma\u00adni\u00ad\u00fda\u00adny\u0148 kans\u00adle\u00adri Olaf \u015eols, yk\u00addy\u00adsa\u00addy\u00ad\u00fdet mi\u00adnist\u00adri Ro\u00adbert Ha\u00adbek we \u00abTes\u00adla\u00bb-ny\u0148 ba\u015f di\u00adrek\u00adto\u00adry Ilon Mask gat\u00adna\u015f\u00addy. Bu \u00fder\u00adde \u00fdyl\u00adda 500 m\u00fc\u00ad\u0148e \u00e7en\u00adli aw\u00adtou\u00adla\u00adgy\u0148 \u00f6n\u00add\u00fc\u00adril\u00adme\u00adgi me\u00ad\u00fdil\u00adle\u015f\u00addi\u00adril\u00ad\u00fd\u00e4r.<br \/>\nKom\u00adpa\u00adni\u00ad\u00fda\u00adny\u0148 da\u00ad\u015fa\u00adry \u00fdurt\u00adda\u00adky il\u00adkin\u00adji za\u00adwo\u00addy 2019-njy \u00fdyl\u00adda Hy\u00adta\u00ad\u00fdy\u0148 \u015ean\u00adha\u00fd \u015f\u00e4\u00adhe\u00adrin\u00adde a\u00e7y\u00adlyp\u00addy. \u015eol \u00fdyl Ilon Mask t\u00e4\u00adze za\u00adwod gur\u00admak is\u00adle\u00ad\u00fd\u00e4n\u00addik\u00adle\u00adri\u00adni m\u00e4\u00adlim edip\u00addi. T\u00e4\u00adze za\u00adwo\u00addy\u0148 ady \u00abGi\u00adga\u00adfacto\u00adry 4\u00bb di\u00fd\u00adlip at\u00adlan\u00addy\u00adryl\u00ad\u00fdar. \u00ddew\u00adro\u00adpa\u00adda\u00adky t\u00e4\u00adze des\u00adga\u00adda elekt\u00adrou\u00adlag\u00adlar \u00fc\u00e7in ba\u00adta\u00adre\u00ad\u00fda\u00adlar we be\u00fd\u00adle\u00adki \u00e4ti\u00ad\u00fda\u00e7\u00adlyk \u015fa\u00fd\u00adla\u00adry, \u015fe\u00fd\u00adle hem \u00abTes\u00adla Mo\u00addel 3\u00bb we \u00abTes\u00adla Mo\u00addel Y\u00bb aw\u00adtou\u00adlag\u00adla\u00adry \u00f6n\u00add\u00fc\u00adri\u00adler. \u00ddew\u00adro\u00adpa\u00adda aw\u00adtou\u00adlag se\u00adna\u00adga\u00adty\u00adny\u0148 \u00f6sen \u00fdur\u00addy bo\u00adlan Ger\u00adma\u00adni\u00ad\u00fda\u00adda a\u00e7y\u00adlan za\u00adwod uly \u00e4h\u00admi\u00ad\u00fdet\u00adli ha\u00adsap\u00adlan\u00ad\u00fdar.<br \/>\nBu \u00f6n\u00fcm\u00ad\u00e7i\u00adlik des\u00adga\u00adsy kom\u00adpa\u00adni\u00ad\u00fda\u00adny\u0148 d\u00fcn\u00ad\u00fd\u00e4\u00add\u00e4\u00adki i\u0148 uly 5-nji za\u00adwo\u00addy\u00addyr. Bu \u00fder\u00adde \u00f6n\u00add\u00fc\u00adri\u00adlen il\u00adkin\u00adji 30 sa\u00adny \u00abMo\u00addel Y\u00bb ula\u00adgy m\u00fc\u015f\u00adde\u00adri\u00adle\u00adre \u00fde\u00adti\u00adril\u00addi. Ula\u00adgy\u0148 ba\u00adha\u00adsy\u00adny\u0148 63 m\u00fc\u0148 990 \u00fdew\u00adro\u00addy\u00adgy m\u00e4\u00adlim edil\u00addi. Iki \u00fdyl\u00adda gur\u00adlup gu\u00adta\u00adry\u00adlan za\u00adwod\u00adda aw\u00adtou\u00adlag we aw\u00adtou\u00adlag ba\u00adta\u00adre\u00ad\u00fda\u00adla\u00adry \u00f6n\u00add\u00fc\u00adril\u00ader. \u00d6n\u00fcm\u00ad\u00e7i\u00adlik des\u00adga\u00adsy\u00adny gur\u00admak \u00fc\u00e7in 5 mil\u00adliard \u00fdew\u00adro sarp edi\u00adlip\u00addir.<\/p>\n<p><strong>Ba\u00fd\u00adram\u00admy\u00adrat B\u00c4\u00ad\u015eI\u00adMOW,<br \/>\nS.A.Ny\u00ad\u00fda\u00adzow adyn\u00adda\u00adky T\u00fcrk\u00admen oba ho\u00adja\u00adlyk uni\u00adwer\u00adsi\u00adte\u00adti\u00adni\u0148 ta\u00adly\u00adby.<\/strong><\/p>\n","protected":false},"excerpt":{"rendered":"<p>\u00abTes\u00adla\u00bb kom\u00adpa\u00adni\u00ad\u00fda\u00adsy\u00adny\u0148 \u00ddew\u00adro\u00adpa\u00adda\u00adky il\u00adkin\u00adji za\u00adwo\u00addy Ger\u00adma\u00adni\u00ad\u00fda\u00adny\u0148 Ber\u00adlin \u015f\u00e4\u00adhe\u00adri\u00adni\u0148 go\u00adla\u00ad\u00fdyn\u00adda a\u00e7yl\u00addy. A\u00e7y\u00adly\u015f da\u00adba\u00adra\u00adsy\u00adna Ger\u00adma\u00adni\u00ad\u00fda\u00adny\u0148 kans\u00adle\u00adri Olaf \u015eols, yk\u00addy\u00adsa\u00addy\u00ad\u00fdet mi\u00adnist\u00adri Ro\u00adbert Ha\u00adbek we \u00abTes\u00adla\u00bb-ny\u0148 ba\u015f di\u00adrek\u00adto\u00adry Ilon Mask gat\u00adna\u015f\u00addy. Bu \u00fder\u00adde \u00fdyl\u00adda 500 m\u00fc\u00ad\u0148e \u00e7en\u00adli aw\u00adtou\u00adla\u00adgy\u0148 \u00f6n\u00add\u00fc\u00adril\u00adme\u00adgi me\u00ad\u00fdil\u00adle\u015f\u00addi\u00adril\u00ad\u00fd\u00e4r. Kom\u00adpa\u00adni\u00ad\u00fda\u00adny\u0148 da\u00ad\u015fa\u00adry \u00fdurt\u00adda\u00adky il\u00adkin\u00adji za\u00adwo\u00addy 2019-njy \u00fdyl\u00adda Hy\u00adta\u00ad\u00fdy\u0148 \u015ean\u00adha\u00fd \u015f\u00e4\u00adhe\u00adrin\u00adde a\u00e7y\u00adlyp\u00addy. \u015eol \u00fdyl Ilon Mask t\u00e4\u00adze za\u00adwod gur\u00admak is\u00adle\u00ad\u00fd\u00e4n\u00addik\u00adle\u00adri\u00adni [&hellip;]<\/p>\n","protected":false},"author":2,"featured_media":57493,"comment_status":"open","ping_status":"closed","sticky":false,"template":"","format":"standard","meta":{"footnotes":""},"categories":[5],"tags":[],"acf":[],"_links":{"self":[{"href":"https:\/\/zamanturkmenistan.com.tm\/index.php?rest_route=\/wp\/v2\/posts\/57491"}],"collection":[{"href":"https:\/\/zamanturkmenistan.com.tm\/index.php?rest_route=\/wp\/v2\/posts"}],"about":[{"href":"https:\/\/zamanturkmenistan.com.tm\/index.php?rest_route=\/wp\/v2\/types\/post"}],"author":[{"embeddable":true,"href":"https:\/\/zamanturkmenistan.com.tm\/index.php?rest_route=\/wp\/v2\/users\/2"}],"replies":[{"embeddable":true,"href":"https:\/\/zamanturkmenistan.com.tm\/index.php?rest_route=%2Fwp%2Fv2%2Fcomments&post=57491"}],"version-history":[{"count":0,"href":"https:\/\/zamanturkmenistan.com.tm\/index.php?rest_route=\/wp\/v2\/posts\/57491\/revisions"}],"wp:featuredmedia":[{"embeddable":true,"href":"https:\/\/zamanturkmenistan.com.tm\/index.php?rest_route=\/wp\/v2\/media\/57493"}],"wp:attachment":[{"href":"https:\/\/zamanturkmenistan.com.tm\/index.php?rest_route=%2Fwp%2Fv2%2Fmedia&parent=57491"}],"wp:term":[{"taxonomy":"category","embeddable":true,"href":"https:\/\/zamanturkmenistan.com.tm\/index.php?rest_route=%2Fwp%2Fv2%2Fcategories&post=57491"},{"taxonomy":"post_tag","embeddable":true,"href":"https:\/\/zamanturkmenistan.com.tm\/index.php?rest_route=%2Fwp%2Fv2%2Ftags&post=57491"}],"curies":[{"name":"wp","href":"https:\/\/api.w.org\/{rel}","templated":true}]}}