{"id":57586,"date":"2022-03-26T11:26:57","date_gmt":"2022-03-26T06:26:57","guid":{"rendered":"https:\/\/zamanturkmenistan.com.tm\/?p=57586"},"modified":"2022-03-26T11:26:57","modified_gmt":"2022-03-26T06:26:57","slug":"oraza-ayynda-agyz-beklenyan-we-acylyan-wagtlar","status":"publish","type":"post","link":"https:\/\/zamanturkmenistan.com.tm\/?p=57586","title":{"rendered":"Oraza a\u00fdynda agyz beklen\u00fd\u00e4n we a\u00e7yl\u00fdan wagtlar"},"content":{"rendered":"<p><strong>A\u015fgabat \u015f\u00e4heri we Ahal wela\u00fdaty bo\u00fdun\u00e7a agyz beklen\u00fd\u00e4n we a\u00e7yl\u00fdan wagtlar<\/strong><\/p>\n<p><a href=\"https:\/\/zamanturkmenistan.com.tm\/wp-content\/uploads\/2017\/02\/A\u015fgabat-Ahal-oraza-kalendar.pdf\">G\u00f6\u00e7\u00fcrip almak \u00fc\u00e7in <\/a><\/p>\n<p><strong>Balkan wela\u00fdaty bo\u00fdun\u00e7a agyz beklen\u00fd\u00e4n we a\u00e7yl\u00fdan wagtlar<\/strong><\/p>\n<p><a href=\"https:\/\/zamanturkmenistan.com.tm\/wp-content\/uploads\/2017\/02\/Balkan-oraza-kalendar.pdf\">G\u00f6\u00e7\u00fcrip almak \u00fc\u00e7in <\/a><\/p>\n<p><strong>Da\u015foguz wela\u00fdaty bo\u00fdun\u00e7a agyz beklen\u00fd\u00e4n we a\u00e7yl\u00fdan wagtlar<\/strong><\/p>\n<p><a href=\"https:\/\/zamanturkmenistan.com.tm\/wp-content\/uploads\/2017\/02\/Da\u015foguz-oraza-kalendar.pdf\">G\u00f6\u00e7\u00fcrip almak \u00fc\u00e7in <\/a><\/p>\n<p><strong>Lebap wela\u00fdaty bo\u00fdun\u00e7a agyz beklen\u00fd\u00e4n we a\u00e7yl\u00fdan wagtlar<\/strong><\/p>\n<p><a href=\"https:\/\/zamanturkmenistan.com.tm\/wp-content\/uploads\/2017\/02\/Lebap-oraza-kalendar.pdf\">G\u00f6\u00e7\u00fcrip almak \u00fc\u00e7in <\/a><\/p>\n<p><strong>Mary wela\u00fdaty bo\u00fdun\u00e7a agyz beklen\u00fd\u00e4n we a\u00e7yl\u00fdan wagtlar<\/strong><\/p>\n<p><a href=\"https:\/\/zamanturkmenistan.com.tm\/wp-content\/uploads\/2017\/02\/Mary-oraza-kalendar.pdf\">G\u00f6\u00e7\u00fcrip almak \u00fc\u00e7in <\/a><\/p>\n","protected":false},"excerpt":{"rendered":"<p>A\u015fgabat \u015f\u00e4heri we Ahal wela\u00fdaty bo\u00fdun\u00e7a agyz beklen\u00fd\u00e4n we a\u00e7yl\u00fdan wagtlar G\u00f6\u00e7\u00fcrip almak \u00fc\u00e7in Balkan wela\u00fdaty bo\u00fdun\u00e7a agyz beklen\u00fd\u00e4n we a\u00e7yl\u00fdan wagtlar G\u00f6\u00e7\u00fcrip almak \u00fc\u00e7in Da\u015foguz wela\u00fdaty bo\u00fdun\u00e7a agyz beklen\u00fd\u00e4n we a\u00e7yl\u00fdan wagtlar G\u00f6\u00e7\u00fcrip almak \u00fc\u00e7in Lebap wela\u00fdaty bo\u00fdun\u00e7a agyz beklen\u00fd\u00e4n we a\u00e7yl\u00fdan wagtlar G\u00f6\u00e7\u00fcrip almak \u00fc\u00e7in Mary wela\u00fdaty bo\u00fdun\u00e7a agyz beklen\u00fd\u00e4n we a\u00e7yl\u00fdan wagtlar [&hellip;]<\/p>\n","protected":false},"author":2,"featured_media":0,"comment_status":"open","ping_status":"closed","sticky":false,"template":"","format":"standard","meta":{"footnotes":""},"categories":[301],"tags":[3180,3181],"acf":[],"_links":{"self":[{"href":"https:\/\/zamanturkmenistan.com.tm\/index.php?rest_route=\/wp\/v2\/posts\/57586"}],"collection":[{"href":"https:\/\/zamanturkmenistan.com.tm\/index.php?rest_route=\/wp\/v2\/posts"}],"about":[{"href":"https:\/\/zamanturkmenistan.com.tm\/index.php?rest_route=\/wp\/v2\/types\/post"}],"author":[{"embeddable":true,"href":"https:\/\/zamanturkmenistan.com.tm\/index.php?rest_route=\/wp\/v2\/users\/2"}],"replies":[{"embeddable":true,"href":"https:\/\/zamanturkmenistan.com.tm\/index.php?rest_route=%2Fwp%2Fv2%2Fcomments&post=57586"}],"version-history":[{"count":0,"href":"https:\/\/zamanturkmenistan.com.tm\/index.php?rest_route=\/wp\/v2\/posts\/57586\/revisions"}],"wp:attachment":[{"href":"https:\/\/zamanturkmenistan.com.tm\/index.php?rest_route=%2Fwp%2Fv2%2Fmedia&parent=57586"}],"wp:term":[{"taxonomy":"category","embeddable":true,"href":"https:\/\/zamanturkmenistan.com.tm\/index.php?rest_route=%2Fwp%2Fv2%2Fcategories&post=57586"},{"taxonomy":"post_tag","embeddable":true,"href":"https:\/\/zamanturkmenistan.com.tm\/index.php?rest_route=%2Fwp%2Fv2%2Ftags&post=57586"}],"curies":[{"name":"wp","href":"https:\/\/api.w.org\/{rel}","templated":true}]}}