{"id":57589,"date":"2022-03-26T09:40:48","date_gmt":"2022-03-26T04:40:48","guid":{"rendered":"https:\/\/zamanturkmenistan.com.tm\/?p=57589"},"modified":"2022-03-26T11:43:10","modified_gmt":"2022-03-26T06:43:10","slug":"yamaykada-respublika-yglan-ediler","status":"publish","type":"post","link":"https:\/\/zamanturkmenistan.com.tm\/?p=57589","title":{"rendered":"\u00ddama\u00fdkada Respublika yglan ediler"},"content":{"rendered":"<p>\u00ddama\u00fdkany\u0148 \u00fdolba\u015f\u00e7ylary Be\u00fdik Britani\u00fdany\u0148 \u015ea zenany \u00ddelizaweta II bilen ylala\u015fyp, kanun\u00e7ylyga \u00fc\u00fdtgetme girizmek\u00e7i. \u00ddurdu\u0148 Prem\u00fder-ministri Endr\u00fdu Houlness \u00ddama\u00fdka resmi sapar bilen baran \u015ea zenany\u0148 agtygy gersog Kembrij William bilen bolan du\u015fu\u015fygynda bu ni\u00fdetini m\u00e4lim etdi. Prem\u00fder-ministr &#8211; \u201cBiz \u00f6\u0148e bar\u00fdarys, gara\u015fsyz, \u00f6sen we g\u00fcll\u00e4p \u00f6s\u00fd\u00e4n \u00fdurt h\u00f6km\u00fcnde hakyky maksatlarymyzy gysga wagtda durmu\u015fa ge\u00e7irmegi ni\u00fdet edin\u00fd\u00e4ris\u201d di\u00fdip belledi.<\/p>\n<p>Paty\u015fa ma\u015fgalasyny\u0148 agzasyny\u0148 sapary \u00ddama\u00fdkany\u0148 Respublika \u00f6wr\u00fclmegini \u00e7altla\u015fdyrmagyna gara\u015fyl\u00fdar. H\u00e4zirki wagtda Karib d\u00f6wletini\u0148 i\u0148 \u00fdokary derejeli d\u00f6wlet \u00fdolba\u015f\u00fdysy Be\u00fdik Britani\u00fdany\u0148 \u015ea zenany \u00ddelizaweta II bolup, \u00fdurdu\u0148 Prem\u00fder-ministrini\u0148 maslahaty bilen bellenen general gubernator tarapyndan wekil\u00e7ilik edil\u00fd\u00e4r.<\/p>\n","protected":false},"excerpt":{"rendered":"<p>\u00ddama\u00fdkany\u0148 \u00fdolba\u015f\u00e7ylary Be\u00fdik Britani\u00fdany\u0148 \u015ea zenany \u00ddelizaweta II bilen ylala\u015fyp, kanun\u00e7ylyga \u00fc\u00fdtgetme girizmek\u00e7i. \u00ddurdu\u0148 Prem\u00fder-ministri Endr\u00fdu Houlness \u00ddama\u00fdka resmi sapar bilen baran \u015ea zenany\u0148 agtygy gersog Kembrij William bilen bolan du\u015fu\u015fygynda bu ni\u00fdetini m\u00e4lim etdi. Prem\u00fder-ministr &#8211; \u201cBiz \u00f6\u0148e bar\u00fdarys, gara\u015fsyz, \u00f6sen we g\u00fcll\u00e4p \u00f6s\u00fd\u00e4n \u00fdurt h\u00f6km\u00fcnde hakyky maksatlarymyzy gysga wagtda durmu\u015fa ge\u00e7irmegi ni\u00fdet edin\u00fd\u00e4ris\u201d [&hellip;]<\/p>\n","protected":false},"author":2,"featured_media":57590,"comment_status":"open","ping_status":"closed","sticky":false,"template":"","format":"standard","meta":{"footnotes":""},"categories":[5],"tags":[],"acf":[],"_links":{"self":[{"href":"https:\/\/zamanturkmenistan.com.tm\/index.php?rest_route=\/wp\/v2\/posts\/57589"}],"collection":[{"href":"https:\/\/zamanturkmenistan.com.tm\/index.php?rest_route=\/wp\/v2\/posts"}],"about":[{"href":"https:\/\/zamanturkmenistan.com.tm\/index.php?rest_route=\/wp\/v2\/types\/post"}],"author":[{"embeddable":true,"href":"https:\/\/zamanturkmenistan.com.tm\/index.php?rest_route=\/wp\/v2\/users\/2"}],"replies":[{"embeddable":true,"href":"https:\/\/zamanturkmenistan.com.tm\/index.php?rest_route=%2Fwp%2Fv2%2Fcomments&post=57589"}],"version-history":[{"count":0,"href":"https:\/\/zamanturkmenistan.com.tm\/index.php?rest_route=\/wp\/v2\/posts\/57589\/revisions"}],"wp:featuredmedia":[{"embeddable":true,"href":"https:\/\/zamanturkmenistan.com.tm\/index.php?rest_route=\/wp\/v2\/media\/57590"}],"wp:attachment":[{"href":"https:\/\/zamanturkmenistan.com.tm\/index.php?rest_route=%2Fwp%2Fv2%2Fmedia&parent=57589"}],"wp:term":[{"taxonomy":"category","embeddable":true,"href":"https:\/\/zamanturkmenistan.com.tm\/index.php?rest_route=%2Fwp%2Fv2%2Fcategories&post=57589"},{"taxonomy":"post_tag","embeddable":true,"href":"https:\/\/zamanturkmenistan.com.tm\/index.php?rest_route=%2Fwp%2Fv2%2Ftags&post=57589"}],"curies":[{"name":"wp","href":"https:\/\/api.w.org\/{rel}","templated":true}]}}