{"id":57791,"date":"2022-03-30T10:03:06","date_gmt":"2022-03-30T05:03:06","guid":{"rendered":"https:\/\/zamanturkmenistan.com.tm\/?p=57791"},"modified":"2022-03-30T10:03:06","modified_gmt":"2022-03-30T05:03:06","slug":"wengriyada-parlament-saylawlary-geciriler","status":"publish","type":"post","link":"https:\/\/zamanturkmenistan.com.tm\/?p=57791","title":{"rendered":"Weng\u00adri\u00ad\u00fda\u00adda par\u00adla\u00adment sa\u00fd\u00adlaw\u00adla\u00adry ge\u00ad\u00e7i\u00adri\u00adler"},"content":{"rendered":"<p>3-nji ap\u00adrel\u00adde Weng\u00adri\u00ad\u00fda\u00adda par\u00adla\u00adment sa\u00fd\u00adlaw\u00adla\u00adry ge\u00ad\u00e7i\u00adri\u00adler. \u00ddur\u00addu\u0148 ha\u00adbar be\u00adri\u015f se\u00adri\u015f\u00adde\u00adle\u00adri bu sa\u00fd\u00adlaw\u00adla\u00adry\u0148 \u00fdur\u00addu\u0148 gel\u00adje\u00adgi \u00fc\u00e7in yk\u00adbal \u00e7\u00f6\u00adz\u00fc\u00adji wa\u00adka \u00f6w\u00adr\u00fcl\u00adjek\u00addi\u00adgi\u00adni ha\u00adbar ber\u00ad\u00fd\u00e4r\u00adler. \u015eu mak\u00adsat bi\u00adlen \u00fdurt\u00adda ge\u00ad\u00e7i\u00adri\u00adlen pi\u00adkir so\u00adra\u00adly\u00ad\u015fyk\u00adlar\u00adda h\u00e4\u00adzir\u00adki Prem\u00ad\u00fder-mi\u00adnistr Wik\u00adtor Or\u00adba\u00adny\u0148 \u00abFI\u00adDES \u2013 wen\u00adger ra\u00ad\u00fdat bi\u00adle\u00adle\u00ad\u015fi\u00adgi\u00bb par\u00adti\u00ad\u00fda\u00adsy\u00adny\u0148 \u00fde\u00ad\u0148i\u015f ga\u00adzan\u00adma\u00adgy \u00fc\u00e7in \u00e4h\u00adli ze\u00adrur \u015fert\u00adle\u00adri\u0148 bar\u00addy\u00adgy ha\u00adbar be\u00adril\u00ad\u00fd\u00e4r. Bu sy\u00ad\u00fda\u00adsy \u00e7\u00e4\u00adre\u00adde sa\u00fd\u00adlaw\u00ad\u00e7y\u00adla\u00adry\u0148 ag\u00adla\u00adba\u00adsy\u00adny\u0148 Wik\u00adtor Or\u00adba\u00adna ses ber\u00adm\u00e4\u00adge ta\u00fd\u00ad\u00fdar\u00addy\u00adgy bel\u00adli bol\u00addy.<br \/>\nBi\u00adler\u00admen\u00adler Wik\u00adtor Or\u00adba\u00adny\u0148 Prem\u00ad\u00fder-mi\u00adnistr we\u00adzi\u00adpe\u00adsi\u00adne \u00fc\u00e7\u00fcn\u00adji m\u00f6h\u00adle\u00adte sa\u00fd\u00adlan\u00admak \u00e4h\u00adti\u00admal\u00adly\u00adgy\u00adny\u0148 ulu\u00addy\u00adgy\u00adny tas\u00adsyk\u00adla\u00ad\u00fdar\u00adlar. 54 \u00fda\u015f\u00adly Wik\u00adtor Or\u00adbany\u0148 ta\u00adrap\u00addar\u00adla\u00adry, uzak wagt\u00adlap do\u00adwam eden yk\u00addy\u00adsa\u00addy dur\u00adgun\u00adlyk\u00addan so\u0148 \u00fdur\u00addy \u00f6z\u00adger\u00adden\u00addi\u00adgi\u00adni bel\u00adle\u00ad\u00fd\u00e4r\u00adler.<br \/>\nSa\u00fd\u00adlaw\u00adla\u00adry\u0148 ne\u00adti\u00adje\u00adle\u00adri esa\u00adsyn\u00adda, \u00fdur\u00addu\u0148 par\u00adla\u00admen\u00adti\u00adni\u0148 199 or\u00adny kes\u00adgit\u00adle\u00adner. Prem\u00ad\u00fder-mi\u00adnistr Wik\u00adtor Or\u00adba\u00adny\u0148 \u00fdol\u00adba\u015f\u00ad\u00e7y\u00adly\u00adgyn\u00adda\u00adky do\u00adlan\u00addy\u00adry\u00adjy \u00abFI\u00adDES \u2013 wen\u00adger ra\u00ad\u00fdat bi\u00adle\u00adle\u00ad\u015fi\u00adgi\u00bb par\u00adti\u00ad\u00fda\u00adsy al\u00adty sa\u00adny par\u00adti\u00ad\u00fda\u00addan yba\u00adrat bo\u00adlan bi\u00adle\u00adle\u00ad\u015fi\u00adgi\u0148 da\u00adla\u015f\u00adg\u00e4\u00adri, Hod\u00admez\u00ad\u00fdo\u00adwa\u00adsar\u00adhe\u00fd \u015f\u00e4\u00adhe\u00adri\u00adni\u0148 h\u00e4\u00adki\u00admi Pi\u00adter Mar\u00adki-Za\u00fd bi\u00adlen b\u00e4s\u00adle\u00ad\u015fer.<br \/>\nMun\u00addan ozal\u00adky sa\u00fd\u00adlaw\u00adlar 2018-nji \u00fdy\u00adly\u0148 8-nji ap\u00adre\u00adlin\u00adde ge\u00ad\u00e7i\u00adri\u00adlip, \u00abFi\u00addes \u2013 wen\u00adger ra\u00ad\u00fdat bi\u00adle\u00adle\u00ad\u015fi\u00adgi\u00bb par\u00adti\u00ad\u00fda\u00adsy \u00fde\u00ad\u0148i\u015f ga\u00adza\u00adnyp\u00addy. Bu ses be\u00adri\u015f\u00adli\u00adge 8,2 mil\u00adli\u00adon sa\u00fd\u00adlaw\u00ad\u00e7y\u00adny\u0148 gat\u00adna\u015f\u00adjak\u00addy\u00adgy ha\u00adbar be\u00adril\u00ad\u00fd\u00e4r. Sa\u00fd\u00adlaw kam\u00adpa\u00adni\u00ad\u00fda\u00adsy 12-nji few\u00adral\u00adda ba\u015f\u00adla\u00addy. Prem\u00ad\u00fder-mi\u00adnist\u00adri\u0148 yg\u00adty\u00ad\u00fdar\u00adlyk m\u00f6h\u00adle\u00adti 4 \u00fdyl. Weng\u00adri\u00ad\u00fda Mer\u00adke\u00adzi \u00ddew\u00adro\u00adpa\u00adda\u00adky d\u00f6w\u00adlet bo\u00adlup, \u00fdurt\u00adda 10 mil\u00adli\u00adona go\u00adla\u00fd adam \u00fda\u00ad\u015fa\u00ad\u00fdar.<\/p>\n","protected":false},"excerpt":{"rendered":"<p>3-nji ap\u00adrel\u00adde Weng\u00adri\u00ad\u00fda\u00adda par\u00adla\u00adment sa\u00fd\u00adlaw\u00adla\u00adry ge\u00ad\u00e7i\u00adri\u00adler. \u00ddur\u00addu\u0148 ha\u00adbar be\u00adri\u015f se\u00adri\u015f\u00adde\u00adle\u00adri bu sa\u00fd\u00adlaw\u00adla\u00adry\u0148 \u00fdur\u00addu\u0148 gel\u00adje\u00adgi \u00fc\u00e7in yk\u00adbal \u00e7\u00f6\u00adz\u00fc\u00adji wa\u00adka \u00f6w\u00adr\u00fcl\u00adjek\u00addi\u00adgi\u00adni ha\u00adbar ber\u00ad\u00fd\u00e4r\u00adler. \u015eu mak\u00adsat bi\u00adlen \u00fdurt\u00adda ge\u00ad\u00e7i\u00adri\u00adlen pi\u00adkir so\u00adra\u00adly\u00ad\u015fyk\u00adlar\u00adda h\u00e4\u00adzir\u00adki Prem\u00ad\u00fder-mi\u00adnistr Wik\u00adtor Or\u00adba\u00adny\u0148 \u00abFI\u00adDES \u2013 wen\u00adger ra\u00ad\u00fdat bi\u00adle\u00adle\u00ad\u015fi\u00adgi\u00bb par\u00adti\u00ad\u00fda\u00adsy\u00adny\u0148 \u00fde\u00ad\u0148i\u015f ga\u00adzan\u00adma\u00adgy \u00fc\u00e7in \u00e4h\u00adli ze\u00adrur \u015fert\u00adle\u00adri\u0148 bar\u00addy\u00adgy ha\u00adbar be\u00adril\u00ad\u00fd\u00e4r. Bu sy\u00ad\u00fda\u00adsy \u00e7\u00e4\u00adre\u00adde sa\u00fd\u00adlaw\u00ad\u00e7y\u00adla\u00adry\u0148 ag\u00adla\u00adba\u00adsy\u00adny\u0148 Wik\u00adtor Or\u00adba\u00adna ses [&hellip;]<\/p>\n","protected":false},"author":2,"featured_media":57792,"comment_status":"open","ping_status":"closed","sticky":false,"template":"","format":"standard","meta":{"footnotes":""},"categories":[5],"tags":[],"acf":[],"_links":{"self":[{"href":"https:\/\/zamanturkmenistan.com.tm\/index.php?rest_route=\/wp\/v2\/posts\/57791"}],"collection":[{"href":"https:\/\/zamanturkmenistan.com.tm\/index.php?rest_route=\/wp\/v2\/posts"}],"about":[{"href":"https:\/\/zamanturkmenistan.com.tm\/index.php?rest_route=\/wp\/v2\/types\/post"}],"author":[{"embeddable":true,"href":"https:\/\/zamanturkmenistan.com.tm\/index.php?rest_route=\/wp\/v2\/users\/2"}],"replies":[{"embeddable":true,"href":"https:\/\/zamanturkmenistan.com.tm\/index.php?rest_route=%2Fwp%2Fv2%2Fcomments&post=57791"}],"version-history":[{"count":0,"href":"https:\/\/zamanturkmenistan.com.tm\/index.php?rest_route=\/wp\/v2\/posts\/57791\/revisions"}],"wp:featuredmedia":[{"embeddable":true,"href":"https:\/\/zamanturkmenistan.com.tm\/index.php?rest_route=\/wp\/v2\/media\/57792"}],"wp:attachment":[{"href":"https:\/\/zamanturkmenistan.com.tm\/index.php?rest_route=%2Fwp%2Fv2%2Fmedia&parent=57791"}],"wp:term":[{"taxonomy":"category","embeddable":true,"href":"https:\/\/zamanturkmenistan.com.tm\/index.php?rest_route=%2Fwp%2Fv2%2Fcategories&post=57791"},{"taxonomy":"post_tag","embeddable":true,"href":"https:\/\/zamanturkmenistan.com.tm\/index.php?rest_route=%2Fwp%2Fv2%2Ftags&post=57791"}],"curies":[{"name":"wp","href":"https:\/\/api.w.org\/{rel}","templated":true}]}}