{"id":5780,"date":"2017-02-12T12:14:10","date_gmt":"2017-02-12T12:14:10","guid":{"rendered":"http:\/\/zamanturkmenistan.com\/?p=5780"},"modified":"2017-02-14T09:58:08","modified_gmt":"2017-02-14T09:58:08","slug":"turkmenistanda-prezident-saylawlary-gecirilyar","status":"publish","type":"post","link":"https:\/\/zamanturkmenistan.com.tm\/?p=5780","title":{"rendered":"T\u00fcrkmenistanda Prezident sa\u00fdlawlary ge\u00e7iril\u00fd\u00e4r"},"content":{"rendered":"<p><img decoding=\"async\" loading=\"lazy\" class=\" wp-image-5784 alignleft\" src=\"http:\/\/zamanturkmenistan.com\/wp-content\/uploads\/2017\/02\/5X2A6306-300x200.jpg\" alt=\"\" width=\"300\" height=\"200\" srcset=\"https:\/\/zamanturkmenistan.com.tm\/wp-content\/uploads\/2017\/02\/5X2A6306-300x200.jpg 300w, https:\/\/zamanturkmenistan.com.tm\/wp-content\/uploads\/2017\/02\/5X2A6306-200x133.jpg 200w, https:\/\/zamanturkmenistan.com.tm\/wp-content\/uploads\/2017\/02\/5X2A6306-163x108.jpg 163w, https:\/\/zamanturkmenistan.com.tm\/wp-content\/uploads\/2017\/02\/5X2A6306.jpg 448w\" sizes=\"(max-width: 300px) 100vw, 300px\" \/>Gara\u015fsyz hem Bitarap T\u00fcrkmenistanda m\u00f6h\u00fcm su\u00fdasy-jemgy\u00fdet\u00e7ilik wakasy gi\u0148 gerimde dowam ed\u00fd\u00e4r. \u015eu g\u00fcn \u00e4hlihalk sa\u00fdlawlary uly ba\u00fdram\u00e7ylyk dabarasy astynda ge\u00e7\u00fd\u00e4r. \u00ddurdumyzy\u0148 \u00e4hli ilaty T\u00fcrkmenistany\u0148 Prezidentini\u0148 sa\u00fdlawlaryna i\u015fje\u0148 gatna\u015f\u00fdar.<\/p>\n<p>2017-nji \u00fdyly\u0148 12-nji fewralynda sa\u00fdlaw u\u00e7astoklaryny\u0148 2587-sini\u0148 hemmesinde sagat 7-de ses bermek ba\u015flandy we 19-da tamamlan\u00fdar.T\u00fcrkmenistany\u0148 Prezidentini\u0148 sa\u00fdlawlary bo\u00fdun\u00e7a sa\u00fdlaw\u00e7ylary\u0148 jemi 3228866-sy hasaba alyndy.<br \/>\nHas takygy, Ahal wela\u00fdatynda 413620-si, Balkan wela\u00fdatynda 271345-si, Da\u015foguz wela\u00fdatynda 687006-sy, Lebap wela\u00fdatynda\u00a0\u00a0 674456-sy, Mary wela\u00fdatynda 757299-sy, A\u015fgabat \u015f\u00e4herinde 425140-sy hasaba alyndy.<\/p>\n<p><img decoding=\"async\" loading=\"lazy\" class=\"size-medium wp-image-5782 alignleft\" src=\"http:\/\/zamanturkmenistan.com\/wp-content\/uploads\/2017\/02\/5X2A6220-200x300.jpg\" alt=\"\" width=\"200\" height=\"300\" srcset=\"https:\/\/zamanturkmenistan.com.tm\/wp-content\/uploads\/2017\/02\/5X2A6220-200x300.jpg 200w, https:\/\/zamanturkmenistan.com.tm\/wp-content\/uploads\/2017\/02\/5X2A6220-133x200.jpg 133w, https:\/\/zamanturkmenistan.com.tm\/wp-content\/uploads\/2017\/02\/5X2A6220.jpg 299w\" sizes=\"(max-width: 200px) 100vw, 200px\" \/>T\u00fcrkmenistany\u0148 Prezidentini\u0148 sa\u00fdlawlary bo\u00fdun\u00e7a sagat 13-e \u00e7enli sa\u00fdlaw\u00e7ylary\u0148 74,52% ses berdi.Has takygy, sa\u00fdlaw\u00e7ylary\u0148 Ahal wela\u00fdatynda 75,19%, Balkan wela\u00fdatynda 76,61%, Da\u015foguz wela\u00fdatynda 66,80%, Lebap wela\u00fdatynda\u00a0\u00a0 71,46%, Mary wela\u00fdatynda 76,34%, A\u015fgabat \u015f\u00e4herinde 86,64% ses berdiler.Ses bermek dowam ed\u00fd\u00e4r.<\/p>\n","protected":false},"excerpt":{"rendered":"<p>Gara\u015fsyz hem Bitarap T\u00fcrkmenistanda m\u00f6h\u00fcm su\u00fdasy-jemgy\u00fdet\u00e7ilik wakasy gi\u0148 gerimde dowam ed\u00fd\u00e4r. \u015eu g\u00fcn \u00e4hlihalk sa\u00fdlawlary uly ba\u00fdram\u00e7ylyk dabarasy astynda ge\u00e7\u00fd\u00e4r. \u00ddurdumyzy\u0148 \u00e4hli ilaty T\u00fcrkmenistany\u0148 Prezidentini\u0148 sa\u00fdlawlaryna i\u015fje\u0148 gatna\u015f\u00fdar. 2017-nji \u00fdyly\u0148 12-nji fewralynda sa\u00fdlaw u\u00e7astoklaryny\u0148 2587-sini\u0148 hemmesinde sagat 7-de ses bermek ba\u015flandy we 19-da tamamlan\u00fdar.T\u00fcrkmenistany\u0148 Prezidentini\u0148 sa\u00fdlawlary bo\u00fdun\u00e7a sa\u00fdlaw\u00e7ylary\u0148 jemi 3228866-sy hasaba alyndy. Has takygy, Ahal [&hellip;]<\/p>\n","protected":false},"author":1,"featured_media":5919,"comment_status":"open","ping_status":"closed","sticky":false,"template":"","format":"standard","meta":{"footnotes":""},"categories":[3],"tags":[],"acf":[],"_links":{"self":[{"href":"https:\/\/zamanturkmenistan.com.tm\/index.php?rest_route=\/wp\/v2\/posts\/5780"}],"collection":[{"href":"https:\/\/zamanturkmenistan.com.tm\/index.php?rest_route=\/wp\/v2\/posts"}],"about":[{"href":"https:\/\/zamanturkmenistan.com.tm\/index.php?rest_route=\/wp\/v2\/types\/post"}],"author":[{"embeddable":true,"href":"https:\/\/zamanturkmenistan.com.tm\/index.php?rest_route=\/wp\/v2\/users\/1"}],"replies":[{"embeddable":true,"href":"https:\/\/zamanturkmenistan.com.tm\/index.php?rest_route=%2Fwp%2Fv2%2Fcomments&post=5780"}],"version-history":[{"count":0,"href":"https:\/\/zamanturkmenistan.com.tm\/index.php?rest_route=\/wp\/v2\/posts\/5780\/revisions"}],"wp:featuredmedia":[{"embeddable":true,"href":"https:\/\/zamanturkmenistan.com.tm\/index.php?rest_route=\/wp\/v2\/media\/5919"}],"wp:attachment":[{"href":"https:\/\/zamanturkmenistan.com.tm\/index.php?rest_route=%2Fwp%2Fv2%2Fmedia&parent=5780"}],"wp:term":[{"taxonomy":"category","embeddable":true,"href":"https:\/\/zamanturkmenistan.com.tm\/index.php?rest_route=%2Fwp%2Fv2%2Fcategories&post=5780"},{"taxonomy":"post_tag","embeddable":true,"href":"https:\/\/zamanturkmenistan.com.tm\/index.php?rest_route=%2Fwp%2Fv2%2Ftags&post=5780"}],"curies":[{"name":"wp","href":"https:\/\/api.w.org\/{rel}","templated":true}]}}